{"id":140186,"date":"2023-02-01T21:07:51","date_gmt":"2023-02-01T20:07:51","guid":{"rendered":"https:\/\/www.messinaoggi.it\/website\/2023\/02\/01\/jovic-e-ikone-mandano-i-viola-in-semifinale-2-1-al-torino\/"},"modified":"2023-02-01T21:07:51","modified_gmt":"2023-02-01T20:07:51","slug":"jovic-e-ikone-mandano-i-viola-in-semifinale-2-1-al-torino","status":"publish","type":"post","link":"https:\/\/www.messinaoggi.it\/website\/2023\/02\/01\/jovic-e-ikone-mandano-i-viola-in-semifinale-2-1-al-torino\/","title":{"rendered":"Jovic e Ikon\u00e8 mandano i viola in semifinale, 2-1 al Torino"},"content":{"rendered":"<div>FIRENZE (ITALPRESS) &#8211; La Fiorentina conquista le semifinali di Coppa Italia per il secondo anno consecutivo battendo per 2-1 il Torino grazie alle reti di Jovic e Ikon\u00e8 con i granata cui non \u00e8 bastata la rete di Karamoah nel finale. Bella sfida a livello tattico fra Italiano e Juric con l&#8217;allenatore siciliano che \u00e8 stato premiato grazie alle scelte operate nel secondo tempo che hanno reso i suoi uomini pi\u00f9 incisivi in zona offensiva. Gli ospiti escono a testa alta dalla competizione e si mangiano le mani in particolare per quanto sciupato nella prima mezz&#8217;ora dove hanno prevalso rispetto ai viola. Il primo tempo dimostra infatti fin da subito come il Torino voglia giocarsela a viso aperto e servono due belle parate di Terracciano (la prima dopo solo 2&#8242; su Samuele Ricci) per negare agli ospiti di passare in vantaggio. Lo schieramento gigliato col 4-3-3 rende la Fiorentina pi\u00f9 solida del solito ma ancora una volta si palesano tutti i limiti offensivi dei viola che non trovano inizialmente in Jovic lo stoccatore che sappia finalizzare la grande mole di gioco dei padroni di casa. <br \/>Il pi\u00f9 pericoloso si dimostra cos\u00ec Mandragora che colpisce un palo al 19&#8242;, mentre Milinkovic-Savic non \u00e8 da meno dell&#8217;estremo difensore gigliato visto che dice no in particolare al sinistro velenoso di Nico Gonzalez. Nei viola pesa l&#8217;assenza dal 1&#8242; di Amrabat che va in panchina e che trova spazio solo dal 74&#8242;, visto che fino a poche ore fa sembrava aver la testa al Barcellona che lo voleva portare subito in Catalogna. La mossa la azzecca Italiano poco prima dell&#8217;ora quando sostituisce uno spento Kouame per Ikon\u00e8 consentendo a Nico Gonzalez di spostarsi sulla sinistra e di creare cos\u00ec superiorit\u00e0 numerica sulla fascia mancina, da dove Terzic crossa per Jovic al 65&#8242; per l&#8217;1-0 viola. Nella parte finale di gara Torino vicino al pareggio per due volte, ma  Terracciano \u00e8 bravo a fermare Sanabria a pochi passi dalla porta, mentre Miranchuk di testa non trova lo specchio. Poi \u00e8 Ikon\u00e8, esattamente al 90&#8242;, a trovare il 2-0. Sembra finita ma non lo \u00e8 perch\u00e8 se da una parte Cabral centra la traversa, sul capovolgimento di fronte Karamoh fa 2-1 ma \u00e8 troppo tardi per una rimonta granata.<br \/>&#8211; foto Image &#8211; <br \/>(ITALPRESS).<\/div>\n<div id=\"div-gpt-ad-Messinaoggi.it-DSK-300x250-corpoart\" style=\"text-align:center;margin:0 auto;\"><\/div><\/p><div id=\"videoincontent\" style=\"clear:both\";><\/div>","protected":false},"excerpt":{"rendered":"<p>FIRENZE (ITALPRESS) &#8211; La Fiorentina conquista le semifinali di Coppa Italia per il secondo anno consecutivo battendo per 2-1 il Torino grazie alle reti di Jovic e Ikon\u00e8 con i granata cui non \u00e8 bastata la rete di Karamoah nel finale. Bella sfida a livello tattico fra Italiano e Juric con l&#8217;allenatore siciliano che \u00e8 [&hellip;]<\/p>\n","protected":false},"author":18,"featured_media":140187,"comment_status":"closed","ping_status":"closed","sticky":false,"template":"","format":"standard","meta":{"ub_ctt_via":"","_mi_skip_tracking":false},"categories":[446],"tags":[783],"featured_image_src":"https:\/\/www.messinaoggi.it\/website\/wp-content\/uploads\/2023\/02\/20230201_2067.jpg","author_info":{"display_name":"Admin","author_link":"https:\/\/www.messinaoggi.it\/website\/author\/admin\/"},"digistream_id":0,"digistream":false,"_links":{"self":[{"href":"https:\/\/www.messinaoggi.it\/website\/wp-json\/wp\/v2\/posts\/140186"}],"collection":[{"href":"https:\/\/www.messinaoggi.it\/website\/wp-json\/wp\/v2\/posts"}],"about":[{"href":"https:\/\/www.messinaoggi.it\/website\/wp-json\/wp\/v2\/types\/post"}],"author":[{"embeddable":true,"href":"https:\/\/www.messinaoggi.it\/website\/wp-json\/wp\/v2\/users\/18"}],"replies":[{"embeddable":true,"href":"https:\/\/www.messinaoggi.it\/website\/wp-json\/wp\/v2\/comments?post=140186"}],"version-history":[{"count":0,"href":"https:\/\/www.messinaoggi.it\/website\/wp-json\/wp\/v2\/posts\/140186\/revisions"}],"wp:featuredmedia":[{"embeddable":true,"href":"https:\/\/www.messinaoggi.it\/website\/wp-json\/wp\/v2\/media\/140187"}],"wp:attachment":[{"href":"https:\/\/www.messinaoggi.it\/website\/wp-json\/wp\/v2\/media?parent=140186"}],"wp:term":[{"taxonomy":"category","embeddable":true,"href":"https:\/\/www.messinaoggi.it\/website\/wp-json\/wp\/v2\/categories?post=140186"},{"taxonomy":"post_tag","embeddable":true,"href":"https:\/\/www.messinaoggi.it\/website\/wp-json\/wp\/v2\/tags?post=140186"}],"curies":[{"name":"wp","href":"https:\/\/api.w.org\/{rel}","templated":true}]}}