{"id":140164,"date":"2023-02-01T19:07:51","date_gmt":"2023-02-01T18:07:51","guid":{"rendered":"https:\/\/www.messinaoggi.it\/website\/2023\/02\/01\/lombardia-fontana-abbatteremo-in-pochi-mesi-le-liste-dattesa\/"},"modified":"2023-02-01T19:07:51","modified_gmt":"2023-02-01T18:07:51","slug":"lombardia-fontana-abbatteremo-in-pochi-mesi-le-liste-dattesa","status":"publish","type":"post","link":"https:\/\/www.messinaoggi.it\/website\/2023\/02\/01\/lombardia-fontana-abbatteremo-in-pochi-mesi-le-liste-dattesa\/","title":{"rendered":"Lombardia, Fontana \u201cAbbatteremo in pochi mesi le liste d\u2019attesa\u201d"},"content":{"rendered":"<div>MILANO (ITALPRESS) &#8211; La prima azione se sar\u00e0 riconfermato? &#8220;Sicuramente continuo la battaglia per l&#8217;abbattimento delle liste d&#8217;attesa. Una cosa che succede in tutta Italia ma questo non pu\u00f2 essere una giustificazione: noi sbagliamo perch\u00e8 le abbiamo, per questo stiamo affrontando il progetto dell&#8217;assessore Guido Bertolaso e sono convinto che, se potremo proseguire, nello spazio di pochi mesi potremo del tutto abbatterle&#8221;. Torna a ribadirlo il presidente di Regione Lombardia e ricandidato del centrodestra alle prossime elezioni, Attilio Fontana. Intervistato da Claudio Brachino per la rubrica di Italpress &#8220;Primo Piano&#8221;, il governatore &#8211; che dice di temere l&#8217;astensionismo &#8211; spazia tra i temi di punta del suo programma elettorale e rivendica quanto fatto rilanciando i suoi cavalli di battaglia (dalla sanit\u00e0 all&#8217;ambiente, dall&#8217;efficienza amministrativa all&#8217;asse sui trasporti col ministro Matteo Salvini). Una stretta di spalle alla domanda di Brachino sui rapporti con l&#8217;avversaria ed ex numero due al Pirellone Letizia Moratti chiude l&#8217;intervista. <br \/>&#8220;Non so cosa sia successo &#8211; afferma a proposito &#8211; io sono andato d&#8217;accordo con la dottoressa Moratti fino alla fine della nostra collaborazione, tanto che quando lei ha proposto la sua candidatura ho ritenuto che fosse assolutamente legittima. Non l&#8217;ho ritenuta un affronto. Quando poi per\u00f2 il centrodestra ha scelto me, si \u00e8 creata una situazione che non \u00e8 stata giustificata da un nostro litigio o da qualcosa che non ha funzionato&#8221;. E dunque i temi. <br \/>In primis la sanit\u00e0, focus su quella di vicinato. Potenziarla \u00e8 la principale lezione del Covid: &#8220;Partendo dal presupposto che la sanit\u00e0 lombarda continuer\u00e0 ad essere una eccellenza europea, sicuramente si possono fare scelte diverse. Scelte che vanno nella direzione del provvedimento previsto dal governo Draghi, il quale ha dato risorse alle regioni per realizzare una sanit\u00e0 vicina a cittadini. Sanit\u00e0 di vicinato, infatti, vuol dire rendere i servizi pi\u00f9 semplici e pi\u00f9 vicini a cittadini senza costringere i cittadini ad andare in ospedale&#8221;. <br \/>Ospedali da non sovraccaricare: &#8220;Oggi nei pronto soccorso, l&#8217;80% dei codici sono bianchi o verdi&#8221;, ecco quindi la funzione delle case di comunit\u00e0. Il tema fa da leva per chiudere una certa questione e rispondere a &#8220;qualcuno che specula&#8221; sulle inaugurazioni di case e ospedali di comunit\u00e0: dato che &#8220;sono finanziate da 1,2 miliardi di fondi provenienti dal Pnrr, se non li avessimo usati li avremmo persi&#8221;. <br \/>Casa e rigenerazione, caro-vita, sostenibilit\u00e0, innovazione e ricerca, mobilit\u00e0: Fontana parla a tutto campo raccontando il lavoro della sua giunta e la visione della Lombardia che immagina, a partire dall&#8217;impegno per un grande piano di infrastrutturazione sia su gomma sia su ferro (questo con Rfi). &#8220;Insopportabile&#8221; l&#8217; esistenza di &#8220;decine di tratte monorotaia&#8221;, l&#8217;orizzonte \u00e8 segnato dalle Olimpiadi di Milano-Cortina: arrivare pronti al grande appuntamento del 2026 passa anche dal miglioramento dei collegamenti interni, specie nelle aree di Cremona e Mantova, spiega, dove &#8220;le infrastrutture sono carenti&#8221;.  <br \/>Sullo sfondo, caldissima, l&#8217;autonomia disegnata dal ministro per gli affari regionali e le autonomie Roberto Calderoli, prossima ad arrivare in Consiglio dei ministri. Tema di bandiera del Carroccio, il presidente la saluta come &#8220;una grandissima occasione, soprattutto per il Sud&#8221;. Altro che &#8220;spaccare l&#8217;Italia, dato che \u00e8 una legge costituzionale: non va a sottrarre risorse a nessuno &#8211; assicura &#8211; noi non chiediamo un euro in pi\u00f9, ma diciamo che&#8221; come Regioni &#8220;siamo convinti di riuscire a rendere servizi migliori dello Stato a un prezzo inferiore&#8221;. <br \/>Respinte quindi al mittente le accuse e le avvertenze a non creare cittadini di serie A e serie B: le diseguaglianze di oggi, semmai, conclude Fontana, &#8220;sono figlie del centralismo, non dell&#8217;autonomia&#8221;.  <div id=\"div-gpt-ad-Messinaoggi.it-DSK-300x250-corpoart\" style=\"text-align:center;margin:0 auto;\"><\/div><\/p>\n<p>&#8211; foto Italpress &#8211;<br \/>(ITALPRESS).<\/div>\n<div id=\"videoincontent\" style=\"clear:both\";><\/div>","protected":false},"excerpt":{"rendered":"<p>MILANO (ITALPRESS) &#8211; La prima azione se sar\u00e0 riconfermato? &#8220;Sicuramente continuo la battaglia per l&#8217;abbattimento delle liste d&#8217;attesa. Una cosa che succede in tutta Italia ma questo non pu\u00f2 essere una giustificazione: noi sbagliamo perch\u00e8 le abbiamo, per questo stiamo affrontando il progetto dell&#8217;assessore Guido Bertolaso e sono convinto che, se potremo proseguire, nello spazio [&hellip;]<\/p>\n","protected":false},"author":18,"featured_media":140165,"comment_status":"closed","ping_status":"closed","sticky":false,"template":"","format":"standard","meta":{"ub_ctt_via":"","_mi_skip_tracking":false},"categories":[446],"tags":[783],"featured_image_src":"https:\/\/www.messinaoggi.it\/website\/wp-content\/uploads\/2023\/02\/20230201_1862.jpg","author_info":{"display_name":"Admin","author_link":"https:\/\/www.messinaoggi.it\/website\/author\/admin\/"},"digistream_id":0,"digistream":false,"_links":{"self":[{"href":"https:\/\/www.messinaoggi.it\/website\/wp-json\/wp\/v2\/posts\/140164"}],"collection":[{"href":"https:\/\/www.messinaoggi.it\/website\/wp-json\/wp\/v2\/posts"}],"about":[{"href":"https:\/\/www.messinaoggi.it\/website\/wp-json\/wp\/v2\/types\/post"}],"author":[{"embeddable":true,"href":"https:\/\/www.messinaoggi.it\/website\/wp-json\/wp\/v2\/users\/18"}],"replies":[{"embeddable":true,"href":"https:\/\/www.messinaoggi.it\/website\/wp-json\/wp\/v2\/comments?post=140164"}],"version-history":[{"count":0,"href":"https:\/\/www.messinaoggi.it\/website\/wp-json\/wp\/v2\/posts\/140164\/revisions"}],"wp:featuredmedia":[{"embeddable":true,"href":"https:\/\/www.messinaoggi.it\/website\/wp-json\/wp\/v2\/media\/140165"}],"wp:attachment":[{"href":"https:\/\/www.messinaoggi.it\/website\/wp-json\/wp\/v2\/media?parent=140164"}],"wp:term":[{"taxonomy":"category","embeddable":true,"href":"https:\/\/www.messinaoggi.it\/website\/wp-json\/wp\/v2\/categories?post=140164"},{"taxonomy":"post_tag","embeddable":true,"href":"https:\/\/www.messinaoggi.it\/website\/wp-json\/wp\/v2\/tags?post=140164"}],"curies":[{"name":"wp","href":"https:\/\/api.w.org\/{rel}","templated":true}]}}