{"id":140121,"date":"2023-02-01T16:07:51","date_gmt":"2023-02-01T15:07:51","guid":{"rendered":"https:\/\/www.messinaoggi.it\/website\/2023\/02\/01\/allegri-vlahovic-titolare-contro-la-lazio-pogba-out\/"},"modified":"2023-02-01T17:19:02","modified_gmt":"2023-02-01T16:19:02","slug":"allegri-vlahovic-titolare-contro-la-lazio-pogba-out","status":"publish","type":"post","link":"https:\/\/www.messinaoggi.it\/website\/2023\/02\/01\/allegri-vlahovic-titolare-contro-la-lazio-pogba-out\/","title":{"rendered":"Allegri \u201cVlahovic titolare contro la Lazio, Pogba out\u201d"},"content":{"rendered":"<div>TORINO (ITALPRESS) &#8211; &#8220;I giocatori erano dispiaciuti, ma questa \u00e8 la Coppa Italia ed \u00e8 un&#8217;altra competizione. Dobbiamo mettere da parte il campionato e poi ne riparleremo da luned\u00ec: ci aspetta ora una partita difficile, contro una squadra che sta facendo ottime cose. Sar\u00e0 una partita secca&#8221;. Massimiliano Allegri &#8216;cancell\u00e0 per il momento il tonfo interno col Monza e invita la Juve a pensare solo al quarto di finale di Coppa Italia contro la Lazio, in programma gioved\u00ec sera allo Stadium. Il tecnico bianconero non ha in programma di far riposare chi ha giocato di pi\u00f9 finora anche perch\u00e8 da gennaio &#8220;\u00e8 ripartito un altro campionato. A parte Bonucci, l&#8217;unico che non sar\u00e0 disponibile \u00e8 Pogba che ha avuto un indolenzimento ai flessori. Normale quando un giocatore resta tanti mesi fuori&#8221;. Allegri ha per\u00f2 detto che Vlahovic &#8220;dovrebbe giocare dall&#8217;inizio. Gli altri li devo ancora decidere nell&#8217;ottica di una partita che pu\u00f2 anche finire nei 120 minuti. I cambi diventeranno importanti&#8221; e Cuadrado &#8220;\u00e8 in gran forma&#8221;. In coppa non ci sar\u00e0 la pressione che c&#8217;\u00e8 in campionato nel recuperare dopo la penalizzazione: &#8220;E&#8217; un obiettivo diverso dal campionato &#8211; ha ribattuto il tecnico bianconero -. Dopo la reazione buona avuta con l&#8217;Atalanta, ci poteva essere un calo e cos\u00ec \u00e8 stato. I 15 punti non sono un alibi, \u00e8 normale che ci sia stato un contraccolpo ma noi dobbiamo andare in campo e fare il meglio possibile. Poi credo sia la prima volta che vengono tolti 15 punti in questa fase del campionato. Il nostro obiettivo ora \u00e8 riprendere piano piano, un passettino alla volta. Domani \u00e8 la Coppa Italia ed \u00e8 differente&#8221;. In un momento complicato, il lavoro dell&#8217;allenatore diventa ancor pi\u00f9 psicologico: &#8220;Dopo la scossa ci vuole un attimino di riassestamento e bisogna essere bravi nel farlo velocemente. Siamo 13esimi in campionato e bisogna raggiungere quella che sta davanti. E&#8217; semplice, un passettino alla volta&#8221;. <br \/>&#8211; foto LivePhotoSport &#8211; <br \/>(ITALPRESS).<\/div>\n<div id=\"div-gpt-ad-Messinaoggi.it-DSK-300x250-corpoart\" style=\"text-align:center;margin:0 auto;\"><\/div><\/p><div id=\"videoincontent\" style=\"clear:both\";><\/div>","protected":false},"excerpt":{"rendered":"<p>TORINO (ITALPRESS) &#8211; &#8220;I giocatori erano dispiaciuti, ma questa \u00e8 la Coppa Italia ed \u00e8 un&#8217;altra competizione. Dobbiamo mettere da parte il campionato e poi ne riparleremo da luned\u00ec: ci aspetta ora una partita difficile, contro una squadra che sta facendo ottime cose. Sar\u00e0 una partita secca&#8221;. Massimiliano Allegri &#8216;cancell\u00e0 per il momento il tonfo [&hellip;]<\/p>\n","protected":false},"author":18,"featured_media":140122,"comment_status":"closed","ping_status":"closed","sticky":false,"template":"","format":"standard","meta":{"ub_ctt_via":"","_mi_skip_tracking":false},"categories":[10,446,9],"tags":[783],"featured_image_src":"https:\/\/www.messinaoggi.it\/website\/wp-content\/uploads\/2023\/02\/20230201_0866.jpg","author_info":{"display_name":"Admin","author_link":"https:\/\/www.messinaoggi.it\/website\/author\/admin\/"},"digistream_id":0,"digistream":false,"_links":{"self":[{"href":"https:\/\/www.messinaoggi.it\/website\/wp-json\/wp\/v2\/posts\/140121"}],"collection":[{"href":"https:\/\/www.messinaoggi.it\/website\/wp-json\/wp\/v2\/posts"}],"about":[{"href":"https:\/\/www.messinaoggi.it\/website\/wp-json\/wp\/v2\/types\/post"}],"author":[{"embeddable":true,"href":"https:\/\/www.messinaoggi.it\/website\/wp-json\/wp\/v2\/users\/18"}],"replies":[{"embeddable":true,"href":"https:\/\/www.messinaoggi.it\/website\/wp-json\/wp\/v2\/comments?post=140121"}],"version-history":[{"count":1,"href":"https:\/\/www.messinaoggi.it\/website\/wp-json\/wp\/v2\/posts\/140121\/revisions"}],"predecessor-version":[{"id":140134,"href":"https:\/\/www.messinaoggi.it\/website\/wp-json\/wp\/v2\/posts\/140121\/revisions\/140134"}],"wp:featuredmedia":[{"embeddable":true,"href":"https:\/\/www.messinaoggi.it\/website\/wp-json\/wp\/v2\/media\/140122"}],"wp:attachment":[{"href":"https:\/\/www.messinaoggi.it\/website\/wp-json\/wp\/v2\/media?parent=140121"}],"wp:term":[{"taxonomy":"category","embeddable":true,"href":"https:\/\/www.messinaoggi.it\/website\/wp-json\/wp\/v2\/categories?post=140121"},{"taxonomy":"post_tag","embeddable":true,"href":"https:\/\/www.messinaoggi.it\/website\/wp-json\/wp\/v2\/tags?post=140121"}],"curies":[{"name":"wp","href":"https:\/\/api.w.org\/{rel}","templated":true}]}}