{"id":140074,"date":"2023-02-01T12:17:50","date_gmt":"2023-02-01T11:17:50","guid":{"rendered":"https:\/\/www.messinaoggi.it\/website\/2023\/02\/01\/universita-palermo-pasqualino-monti-nuovo-componente-esterno-del-cda\/"},"modified":"2023-02-01T12:17:50","modified_gmt":"2023-02-01T11:17:50","slug":"universita-palermo-pasqualino-monti-nuovo-componente-esterno-del-cda","status":"publish","type":"post","link":"https:\/\/www.messinaoggi.it\/website\/2023\/02\/01\/universita-palermo-pasqualino-monti-nuovo-componente-esterno-del-cda\/","title":{"rendered":"Universit\u00e0 Palermo, Pasqualino Monti nuovo componente esterno del Cda"},"content":{"rendered":"<div>\n<p>PALERMO (ITALPRESS) \u2013 Pasqualino Monti, Presidente dell\u2019Autorit\u00e0 di Sistema portuale del Mare di Sicilia occidentale, \u00e8 il nuovo componente esterno del Consiglio di Amministrazione dell\u2019Universit\u00e0 di Palermo per il triennio 2023-2026.<br \/>\u201cQuella di Monti \u00e8 una figura di altissimo profilo che unisce ad un\u2019ampia esperienza capacit\u00e0 trasversali e di coinvolgimento degli stakeholders \u2013 commenta il rettore dell\u2019Universit\u00e0 di Palermo, Massimo Midiri \u2013 Con la sua competenza ed esperienza potr\u00e0 sicuramente dare un significativo contributo alle attivit\u00e0 del Consiglio di Amministrazione che viene cos\u00ec arricchito in piena coerenza con l\u2019apertura dell\u2019Ateneo al territorio\u201d.<br \/>\u201cCon la passione che metto sempre nelle mie esperienze professionali e con il necessario spirito di collaborazione e condivisione sono pronto a dare il mio contributo\u201d, dichiara Pasqualino Monti.<br \/>foto ufficio stampa Universit\u00e0 degli Studi di Palermo<br \/>(ITALPRESS).<div id=\"div-gpt-ad-Messinaoggi.it-DSK-300x250-corpoart\" style=\"text-align:center;margin:0 auto;\"><\/div><\/p>\n<\/div>\n<div id=\"videoincontent\" style=\"clear:both\";><\/div>","protected":false},"excerpt":{"rendered":"<p>PALERMO (ITALPRESS) \u2013 Pasqualino Monti, Presidente dell\u2019Autorit\u00e0 di Sistema portuale del Mare di Sicilia occidentale, \u00e8 il nuovo componente esterno del Consiglio di Amministrazione dell\u2019Universit\u00e0 di Palermo per il triennio 2023-2026.\u201cQuella di Monti \u00e8 una figura di altissimo profilo che unisce ad un\u2019ampia esperienza capacit\u00e0 trasversali e di coinvolgimento degli stakeholders \u2013 commenta il rettore [&hellip;]<\/p>\n","protected":false},"author":18,"featured_media":140075,"comment_status":"closed","ping_status":"closed","sticky":false,"template":"","format":"standard","meta":{"ub_ctt_via":"","_mi_skip_tracking":false},"categories":[2449],"tags":[783],"featured_image_src":"https:\/\/www.messinaoggi.it\/website\/wp-content\/uploads\/2023\/02\/20230201_0325.jpg","author_info":{"display_name":"Admin","author_link":"https:\/\/www.messinaoggi.it\/website\/author\/admin\/"},"digistream_id":0,"digistream":false,"_links":{"self":[{"href":"https:\/\/www.messinaoggi.it\/website\/wp-json\/wp\/v2\/posts\/140074"}],"collection":[{"href":"https:\/\/www.messinaoggi.it\/website\/wp-json\/wp\/v2\/posts"}],"about":[{"href":"https:\/\/www.messinaoggi.it\/website\/wp-json\/wp\/v2\/types\/post"}],"author":[{"embeddable":true,"href":"https:\/\/www.messinaoggi.it\/website\/wp-json\/wp\/v2\/users\/18"}],"replies":[{"embeddable":true,"href":"https:\/\/www.messinaoggi.it\/website\/wp-json\/wp\/v2\/comments?post=140074"}],"version-history":[{"count":0,"href":"https:\/\/www.messinaoggi.it\/website\/wp-json\/wp\/v2\/posts\/140074\/revisions"}],"wp:featuredmedia":[{"embeddable":true,"href":"https:\/\/www.messinaoggi.it\/website\/wp-json\/wp\/v2\/media\/140075"}],"wp:attachment":[{"href":"https:\/\/www.messinaoggi.it\/website\/wp-json\/wp\/v2\/media?parent=140074"}],"wp:term":[{"taxonomy":"category","embeddable":true,"href":"https:\/\/www.messinaoggi.it\/website\/wp-json\/wp\/v2\/categories?post=140074"},{"taxonomy":"post_tag","embeddable":true,"href":"https:\/\/www.messinaoggi.it\/website\/wp-json\/wp\/v2\/tags?post=140074"}],"curies":[{"name":"wp","href":"https:\/\/api.w.org\/{rel}","templated":true}]}}