{"id":140070,"date":"2023-02-01T12:07:52","date_gmt":"2023-02-01T11:07:52","guid":{"rendered":"https:\/\/www.messinaoggi.it\/website\/2023\/02\/01\/terna-al-via-liter-per-il-nuovo-cavo-sottomarino-tra-abruzzo-e-marche\/"},"modified":"2023-02-01T12:07:52","modified_gmt":"2023-02-01T11:07:52","slug":"terna-al-via-liter-per-il-nuovo-cavo-sottomarino-tra-abruzzo-e-marche","status":"publish","type":"post","link":"https:\/\/www.messinaoggi.it\/website\/2023\/02\/01\/terna-al-via-liter-per-il-nuovo-cavo-sottomarino-tra-abruzzo-e-marche\/","title":{"rendered":"Terna, al via l\u2019iter per il nuovo cavo sottomarino tra Abruzzo e Marche"},"content":{"rendered":"<div>ROMA (ITALPRESS) &#8211; E&#8217; stato avviato dal Ministero dell&#8217;Ambiente e della Sicurezza Energetica il procedimento autorizzativo per la realizzazione dell&#8217;Adriatic Link, il nuovo elettrodotto sottomarino in corrente continua, che collegher\u00e0 Abruzzo e Marche, per il quale Terna investir\u00e0 oltre 1 miliardo di euro coinvolgendo circa 120 imprese tra dirette e indotto.<br \/>&#8220;L&#8217;opera consentir\u00e0 di incrementare di circa 1000 MW la capacit\u00e0 di scambio tra le zone Centro-Sud e Centro-Nord del Paese, aumentando la sicurezza, l&#8217;efficienza e la resilienza dell&#8217;intera rete elettrica di trasmissione nazionale &#8211; si legge in una nota -. L&#8217;Adriatic Link, opera inserita da Terna nel Piano di Sviluppo del 2018, \u00e8 un progetto all&#8217;avanguardia dal punto di vista tecnologico e ambientale. L&#8217;elettrodotto &#8216;invisibil\u00e8, lungo complessivamente circa 250 km, sar\u00e0 costituito da due cavi sottomarini di circa 210 km e due cavi terrestri di circa 40 km. Le due stazioni di conversione saranno realizzate nelle vicinanze delle rispettive stazioni elettriche esistenti di Cepagatti (PE), per l&#8217;Abruzzo, e di Fano (PU), per le Marche, e avranno un impatto sul territorio molto ridotto&#8221;.<br \/>La posa dei cavi in mare raggiunger\u00e0 una profondit\u00e0 massima di 100 metri. Per gli approdi si ricorrer\u00e0 all&#8217;utilizzo della tecnica della trivellazione orizzontale controllata (TOC) che permetter\u00e0 di installare la conduttura &#8220;limitando gli impatti ambientali e sociali sul litorale e di garantire la salvaguardia del collegamento elettrico in caso di erosione costiera &#8211; sottolinea Terna -. Parimenti, per il tracciato terrestre si utilizzer\u00e0 per lo pi\u00f9 la viabilit\u00e0 stradale esistente&#8221;.<br \/>Nell&#8217;ambito della survey marina, che ha certificato l&#8217;idoneit\u00e0 del fondale alla realizzazione del progetto, sono stati ispezionati circa 700 km quadrati di Mare Adriatico. L&#8217;attivit\u00e0 si \u00e8 svolta in due fasi: durante la prima sono stati valutati gli aspetti geologici, sedimentologici, sismici, l&#8217;erosione costiera, la flora, la fauna e gli ecosistemi ai fini autorizzativi, mentre nella seconda sono stati analizzati rilievi batimetrici, morfologici e geofisici per predisporre il progetto definitivo da avviare in autorizzazione.<br \/>&#8220;L&#8217;avvio dell&#8217;iter autorizzativo dell&#8217;Adriatic Link da parte del Ministero dell&#8217;Ambiente e della Sicurezza Energetica \u00e8 un altro passo fondamentale per il processo di transizione energetica in atto&#8221;, ha dichiarato Stefano Donnarumma, Amministratore Delegato di Terna. &#8220;Grazie al lavoro di tutte le persone di Terna e al contributo fattivo dei Ministeri, delle Regioni e di tutti gli Enti coinvolti, \u00e8 stato possibile accelerare il percorso di autorizzazione dell&#8217;opera, che \u00e8 previsto entri in piena operativit\u00e0 entro il 2028&#8221;, ha aggiunto.<br \/>Riconoscendone l&#8217;importanza strategica, l&#8217;Autorit\u00e0 di Regolazione per l&#8217;Energia Reti e Ambiente ne ha infatti chiesto l&#8217;entrata in esercizio due anni in anticipo rispetto alle previsioni iniziali: &#8220;l&#8217;Adriatic Link avr\u00e0 un ruolo di primo piano nello sviluppo e nell&#8217;integrazione delle fonti rinnovabili contribuendo alla decarbonizzazione del sistema energetico italiano e &#8211; coerentemente con gli obiettivi delineati dal Piano nazionale integrato energia e clima (Pniec) &#8211; rafforzer\u00e0 ulteriormente il ruolo di Terna di regista e abilitatore della transizione ecologica, nonch\u00e8 quello dell&#8217;Italia di hub elettrico dell&#8217;Europa e dell&#8217;intera area mediterranea&#8221;, prosegue la nota.<br \/>Il progetto \u00e8 il risultato di un lungo percorso di confronto e dialogo con il territorio che, dal dicembre 2020 a oggi, si \u00e8 concretizzato in oltre 100 incontri, svolti anche nell&#8217;ambito della Consultazione Pubblica, con amministrazioni regionali e comunali, associazioni e cittadini, permettendo di raccogliere proposte, analisi e iniziative legate alla stessa opera.<div id=\"div-gpt-ad-Messinaoggi.it-DSK-300x250-corpoart\" style=\"text-align:center;margin:0 auto;\"><\/div><\/p>\n<p>&#8211; foto ufficio stampa Terna &#8211;<div id=\"videoincontent\" style=\"clear:both\";><\/div><\/p>\n<p>(ITALPRESS).<\/p><\/div>\n","protected":false},"excerpt":{"rendered":"<p>ROMA (ITALPRESS) &#8211; E&#8217; stato avviato dal Ministero dell&#8217;Ambiente e della Sicurezza Energetica il procedimento autorizzativo per la realizzazione dell&#8217;Adriatic Link, il nuovo elettrodotto sottomarino in corrente continua, che collegher\u00e0 Abruzzo e Marche, per il quale Terna investir\u00e0 oltre 1 miliardo di euro coinvolgendo circa 120 imprese tra dirette e indotto.&#8220;L&#8217;opera consentir\u00e0 di incrementare di [&hellip;]<\/p>\n","protected":false},"author":18,"featured_media":140071,"comment_status":"closed","ping_status":"closed","sticky":false,"template":"","format":"standard","meta":{"ub_ctt_via":"","_mi_skip_tracking":false},"categories":[446],"tags":[783],"featured_image_src":"https:\/\/www.messinaoggi.it\/website\/wp-content\/uploads\/2023\/02\/20230201_0294.jpg","author_info":{"display_name":"Admin","author_link":"https:\/\/www.messinaoggi.it\/website\/author\/admin\/"},"digistream_id":0,"digistream":false,"_links":{"self":[{"href":"https:\/\/www.messinaoggi.it\/website\/wp-json\/wp\/v2\/posts\/140070"}],"collection":[{"href":"https:\/\/www.messinaoggi.it\/website\/wp-json\/wp\/v2\/posts"}],"about":[{"href":"https:\/\/www.messinaoggi.it\/website\/wp-json\/wp\/v2\/types\/post"}],"author":[{"embeddable":true,"href":"https:\/\/www.messinaoggi.it\/website\/wp-json\/wp\/v2\/users\/18"}],"replies":[{"embeddable":true,"href":"https:\/\/www.messinaoggi.it\/website\/wp-json\/wp\/v2\/comments?post=140070"}],"version-history":[{"count":0,"href":"https:\/\/www.messinaoggi.it\/website\/wp-json\/wp\/v2\/posts\/140070\/revisions"}],"wp:featuredmedia":[{"embeddable":true,"href":"https:\/\/www.messinaoggi.it\/website\/wp-json\/wp\/v2\/media\/140071"}],"wp:attachment":[{"href":"https:\/\/www.messinaoggi.it\/website\/wp-json\/wp\/v2\/media?parent=140070"}],"wp:term":[{"taxonomy":"category","embeddable":true,"href":"https:\/\/www.messinaoggi.it\/website\/wp-json\/wp\/v2\/categories?post=140070"},{"taxonomy":"post_tag","embeddable":true,"href":"https:\/\/www.messinaoggi.it\/website\/wp-json\/wp\/v2\/tags?post=140070"}],"curies":[{"name":"wp","href":"https:\/\/api.w.org\/{rel}","templated":true}]}}