{"id":140060,"date":"2023-02-01T11:08:00","date_gmt":"2023-02-01T10:08:00","guid":{"rendered":"https:\/\/www.messinaoggi.it\/website\/2023\/02\/01\/italia-francia-mattarella-il-trattato-del-quirinale-rafforza-leuropa\/"},"modified":"2023-02-01T18:00:57","modified_gmt":"2023-02-01T17:00:57","slug":"italia-francia-mattarella-il-trattato-del-quirinale-rafforza-leuropa","status":"publish","type":"post","link":"https:\/\/www.messinaoggi.it\/website\/2023\/02\/01\/italia-francia-mattarella-il-trattato-del-quirinale-rafforza-leuropa\/","title":{"rendered":"Italia-Francia, Mattarella \u201cIl Trattato del Quirinale rafforza l\u2019Europa\u201d"},"content":{"rendered":"<div>ROMA (ITALPRESS) &#8211; &#8220;Il Trattato che oggi entra in vigore \u00e8 animato da una comune visione del futuro, che consentir\u00e0 a Francia e Italia non soltanto di rendere ancora pi\u00f9 solidi i vincoli di amicizia che le uniscono, ma di stimolare un ulteriore consolidamento del processo di integrazione del nostro continente ed un rafforzamento delle nostre istituzioni comuni&#8221;. Lo afferma in una nota il presidente della Repubblica, Sergio Mattarella, in occasione dell&#8217;entrata in vigore del Trattato del Quirinale, che era stato firmato a Roma il 26 novembre 2021 dal presidente francese Emmanuel Macron e dall&#8217;allora presidente del Consiglio italiano Mario Draghi.<br \/>\n&#8220;Insieme a tutti i nostri partner, in uno spirito di autentica solidariet\u00e0 europea, sapremo superare anche le sfide che l&#8217;aggressione russa all&#8217;Ucraina ha portato alla sicurezza ed alla prosperit\u00e0 globali, assumendo le decisioni necessarie perch\u00e8 l&#8217;Unione Europea sappia rispondere con rapidit\u00e0 ed efficacia alle sfide dei nostri tempi &#8211; spiega Mattarella -. Con l&#8217;entrata in vigore del Trattato del Quirinale, Francia e Italia sono ancora pi\u00f9 unite, in Europa e nel mondo, per difendere e promuovere i valori fondanti delle nostre societ\u00e0: la pace, la libert\u00e0, i diritti umani, un progresso economico e sociale sostenibile, nel rispetto dell&#8217;ambiente naturale del pianeta&#8221;.<div id=\"div-gpt-ad-Messinaoggi.it-DSK-300x250-corpoart\" style=\"text-align:center;margin:0 auto;\"><\/div><\/p>\n<p>&#8211; foto ufficio stampa Quirinale &#8211;<div id=\"videoincontent\" style=\"clear:both\";><\/div><\/p>\n<p>(ITALPRESS).<\/p><\/div>\n","protected":false},"excerpt":{"rendered":"<p>ROMA (ITALPRESS) &#8211; &#8220;Il Trattato che oggi entra in vigore \u00e8 animato da una comune visione del futuro, che consentir\u00e0 a Francia e Italia non soltanto di rendere ancora pi\u00f9 solidi i vincoli di amicizia che le uniscono, ma di stimolare un ulteriore consolidamento del processo di integrazione del nostro continente ed un rafforzamento delle [&hellip;]<\/p>\n","protected":false},"author":18,"featured_media":140061,"comment_status":"closed","ping_status":"closed","sticky":false,"template":"","format":"standard","meta":{"ub_ctt_via":"","_mi_skip_tracking":false},"categories":[446,4],"tags":[783],"featured_image_src":"https:\/\/www.messinaoggi.it\/website\/wp-content\/uploads\/2023\/02\/20230201_0180.jpg","author_info":{"display_name":"Admin","author_link":"https:\/\/www.messinaoggi.it\/website\/author\/admin\/"},"digistream_id":0,"digistream":false,"_links":{"self":[{"href":"https:\/\/www.messinaoggi.it\/website\/wp-json\/wp\/v2\/posts\/140060"}],"collection":[{"href":"https:\/\/www.messinaoggi.it\/website\/wp-json\/wp\/v2\/posts"}],"about":[{"href":"https:\/\/www.messinaoggi.it\/website\/wp-json\/wp\/v2\/types\/post"}],"author":[{"embeddable":true,"href":"https:\/\/www.messinaoggi.it\/website\/wp-json\/wp\/v2\/users\/18"}],"replies":[{"embeddable":true,"href":"https:\/\/www.messinaoggi.it\/website\/wp-json\/wp\/v2\/comments?post=140060"}],"version-history":[{"count":1,"href":"https:\/\/www.messinaoggi.it\/website\/wp-json\/wp\/v2\/posts\/140060\/revisions"}],"predecessor-version":[{"id":140161,"href":"https:\/\/www.messinaoggi.it\/website\/wp-json\/wp\/v2\/posts\/140060\/revisions\/140161"}],"wp:featuredmedia":[{"embeddable":true,"href":"https:\/\/www.messinaoggi.it\/website\/wp-json\/wp\/v2\/media\/140061"}],"wp:attachment":[{"href":"https:\/\/www.messinaoggi.it\/website\/wp-json\/wp\/v2\/media?parent=140060"}],"wp:term":[{"taxonomy":"category","embeddable":true,"href":"https:\/\/www.messinaoggi.it\/website\/wp-json\/wp\/v2\/categories?post=140060"},{"taxonomy":"post_tag","embeddable":true,"href":"https:\/\/www.messinaoggi.it\/website\/wp-json\/wp\/v2\/tags?post=140060"}],"curies":[{"name":"wp","href":"https:\/\/api.w.org\/{rel}","templated":true}]}}