{"id":140058,"date":"2023-02-01T11:07:58","date_gmt":"2023-02-01T10:07:58","guid":{"rendered":"https:\/\/www.messinaoggi.it\/website\/2023\/02\/01\/giustizia-berlusconi-vogliamo-la-riforma-sosterremo-nordio\/"},"modified":"2023-02-01T11:07:58","modified_gmt":"2023-02-01T10:07:58","slug":"giustizia-berlusconi-vogliamo-la-riforma-sosterremo-nordio","status":"publish","type":"post","link":"https:\/\/www.messinaoggi.it\/website\/2023\/02\/01\/giustizia-berlusconi-vogliamo-la-riforma-sosterremo-nordio\/","title":{"rendered":"Giustizia, Berlusconi \u201cVogliamo la riforma, sosterremo Nordio\u201d"},"content":{"rendered":"<div>ROMA (ITALPRESS) &#8211; &#8220;Noi vogliamo riformare la giustizia. Vogliamo rendere pi\u00f9 rapidi i tempi dei processi, vogliamo allargare e consolidare le garanzie dei cittadini. Non vogliamo certamente una riforma contro i magistrati, ma vogliamo una riforma per i cittadini&#8221;. Lo dice il presidente di Forza Italia Silvio Berlusconi in un video sui social.<br \/>&#8220;Noi siamo davvero convinti che gran parte della magistratura sia sana, sia corretta, che svolga il suo compito con grande senso del dovere &#8211; aggiunge -. Noi vogliamo valorizzare la professionalit\u00e0 dei magistrati seri, quelli che fanno le inchieste senza calpestare la libert\u00e0 e la dignit\u00e0 di nessuno. Per tutte queste ragioni noi sosterremo con convinzione le proposte sulla giustizia avanzate dal ministro Nordio e su questa fondamentale riforma ci auguriamo che politica e magistratura, maggioranza e opposizione possano lavorare insieme&#8221;.<div id=\"div-gpt-ad-Messinaoggi.it-DSK-300x250-corpoart\" style=\"text-align:center;margin:0 auto;\"><\/div><\/p>\n<p>&#8211; foto Agenziafotogramma.it &#8211;<div id=\"videoincontent\" style=\"clear:both\";><\/div><\/p>\n<p>(ITALPRESS).<\/p><\/div>\n","protected":false},"excerpt":{"rendered":"<p>ROMA (ITALPRESS) &#8211; &#8220;Noi vogliamo riformare la giustizia. Vogliamo rendere pi\u00f9 rapidi i tempi dei processi, vogliamo allargare e consolidare le garanzie dei cittadini. Non vogliamo certamente una riforma contro i magistrati, ma vogliamo una riforma per i cittadini&#8221;. Lo dice il presidente di Forza Italia Silvio Berlusconi in un video sui social.&#8220;Noi siamo davvero [&hellip;]<\/p>\n","protected":false},"author":18,"featured_media":140059,"comment_status":"closed","ping_status":"closed","sticky":false,"template":"","format":"standard","meta":{"ub_ctt_via":"","_mi_skip_tracking":false},"categories":[446],"tags":[783],"featured_image_src":"https:\/\/www.messinaoggi.it\/website\/wp-content\/uploads\/2023\/02\/20230201_0170.jpg","author_info":{"display_name":"Admin","author_link":"https:\/\/www.messinaoggi.it\/website\/author\/admin\/"},"digistream_id":0,"digistream":false,"_links":{"self":[{"href":"https:\/\/www.messinaoggi.it\/website\/wp-json\/wp\/v2\/posts\/140058"}],"collection":[{"href":"https:\/\/www.messinaoggi.it\/website\/wp-json\/wp\/v2\/posts"}],"about":[{"href":"https:\/\/www.messinaoggi.it\/website\/wp-json\/wp\/v2\/types\/post"}],"author":[{"embeddable":true,"href":"https:\/\/www.messinaoggi.it\/website\/wp-json\/wp\/v2\/users\/18"}],"replies":[{"embeddable":true,"href":"https:\/\/www.messinaoggi.it\/website\/wp-json\/wp\/v2\/comments?post=140058"}],"version-history":[{"count":0,"href":"https:\/\/www.messinaoggi.it\/website\/wp-json\/wp\/v2\/posts\/140058\/revisions"}],"wp:featuredmedia":[{"embeddable":true,"href":"https:\/\/www.messinaoggi.it\/website\/wp-json\/wp\/v2\/media\/140059"}],"wp:attachment":[{"href":"https:\/\/www.messinaoggi.it\/website\/wp-json\/wp\/v2\/media?parent=140058"}],"wp:term":[{"taxonomy":"category","embeddable":true,"href":"https:\/\/www.messinaoggi.it\/website\/wp-json\/wp\/v2\/categories?post=140058"},{"taxonomy":"post_tag","embeddable":true,"href":"https:\/\/www.messinaoggi.it\/website\/wp-json\/wp\/v2\/tags?post=140058"}],"curies":[{"name":"wp","href":"https:\/\/api.w.org\/{rel}","templated":true}]}}