{"id":140053,"date":"2023-02-01T10:21:58","date_gmt":"2023-02-01T09:21:58","guid":{"rendered":"http:\/\/www.messinaoggi.it\/website\/?p=140053"},"modified":"2023-02-01T10:22:00","modified_gmt":"2023-02-01T09:22:00","slug":"vaccinazioni-nuovi-orari","status":"publish","type":"post","link":"https:\/\/www.messinaoggi.it\/website\/2023\/02\/01\/vaccinazioni-nuovi-orari\/","title":{"rendered":"Vaccinazioni, nuovi orari"},"content":{"rendered":"\n<p>L\u2019Asp di Messina comunica che dal 4 Febbraio prossimo l&#8217;ambulatorio Vaccinale di Messina Centro (dedicato anche alle vaccinazioni Covid), situato in via La Farina n\u00b0 84, osserver\u00e0 il seguente orario di apertura al pubblico: dal luned\u00ec al venerd\u00ec dalle 8:30 alle 13:30 ed il marted\u00ec e gioved\u00ec dalle 15:00 alle 17:30. Sabato chiuso.<br>Nei Centri vaccinali della provincia rimangono quasi gli stessi orari tranne qualche piccolo cambiamento: da luned\u00ec a sabato dalle 9 alle 13, e marted\u00ec dalle 15 alle 18 i vaccini saranno somministrati a Mistretta, al punto ospedaliero \u2018SS Salvatore Mistretta\u2019 in via Anna Salomone, a Sant\u2019Agata di Militello allo stabilimento dell\u2019ospedale Sant\u2019Agata di Militello in via Medici, a Milazzo sempre all\u2019Hub Parco Corolla. A Lipari i vaccini verranno somministrati solo il mercoled\u00ec dalle 8.30 alle 12.30 nel centro in via San Giorgio. A Patti invece, il Centro vaccinale rester\u00e0 aperto in via Garibaldi il marted\u00ec, gioved\u00ec e venerd\u00ec dalle 9 alle 13 e sempre il gioved\u00ec anche dalle 15 alle 18.\u00a0 A Brolo il Centro vaccinale sar\u00e0 aperto ogni mercoled\u00ec dalle 9 alle 13. Il Centro vaccinale di Giardini Naxos (ha sostituito Letojanni) in via Ortogrande sar\u00e0 aperto ogni venerd\u00ec dalle 9 alle 13 e la prima e la terza settimana del mese il mercoled\u00ec dalle 9 alle 13, mentre la seconda e quarta settimana del mese il mercoled\u00ec dalle 9 alle 13 i vaccini saranno somministrati nel Centro vaccinale di S.Alessio.<div id=\"div-gpt-ad-Messinaoggi.it-DSK-300x250-corpoart\" style=\"text-align:center;margin:0 auto;\"><\/div><\/p>\n<div id=\"videoincontent\" style=\"clear:both\";><\/div>","protected":false},"excerpt":{"rendered":"<p>L\u2019Asp di Messina comunica che dal 4 Febbraio prossimo l&#8217;ambulatorio Vaccinale di Messina Centro (dedicato anche alle vaccinazioni Covid), situato in via La Farina n\u00b0 84, osserver\u00e0 il seguente orario di apertura al pubblico: dal luned\u00ec al venerd\u00ec dalle 8:30 alle 13:30 ed il marted\u00ec e gioved\u00ec dalle 15:00 alle 17:30. Sabato chiuso.Nei Centri vaccinali [&hellip;]<\/p>\n","protected":false},"author":2,"featured_media":140054,"comment_status":"open","ping_status":"open","sticky":false,"template":"","format":"standard","meta":{"ub_ctt_via":"","_mi_skip_tracking":false},"categories":[221],"tags":[],"featured_image_src":"https:\/\/www.messinaoggi.it\/website\/wp-content\/uploads\/2023\/02\/2BE56383-292A-4373-BBEA-289D4E3D5201.jpeg","author_info":{"display_name":"Redazione","author_link":"https:\/\/www.messinaoggi.it\/website\/author\/redazione\/"},"digistream_id":0,"digistream":false,"_links":{"self":[{"href":"https:\/\/www.messinaoggi.it\/website\/wp-json\/wp\/v2\/posts\/140053"}],"collection":[{"href":"https:\/\/www.messinaoggi.it\/website\/wp-json\/wp\/v2\/posts"}],"about":[{"href":"https:\/\/www.messinaoggi.it\/website\/wp-json\/wp\/v2\/types\/post"}],"author":[{"embeddable":true,"href":"https:\/\/www.messinaoggi.it\/website\/wp-json\/wp\/v2\/users\/2"}],"replies":[{"embeddable":true,"href":"https:\/\/www.messinaoggi.it\/website\/wp-json\/wp\/v2\/comments?post=140053"}],"version-history":[{"count":1,"href":"https:\/\/www.messinaoggi.it\/website\/wp-json\/wp\/v2\/posts\/140053\/revisions"}],"predecessor-version":[{"id":140055,"href":"https:\/\/www.messinaoggi.it\/website\/wp-json\/wp\/v2\/posts\/140053\/revisions\/140055"}],"wp:featuredmedia":[{"embeddable":true,"href":"https:\/\/www.messinaoggi.it\/website\/wp-json\/wp\/v2\/media\/140054"}],"wp:attachment":[{"href":"https:\/\/www.messinaoggi.it\/website\/wp-json\/wp\/v2\/media?parent=140053"}],"wp:term":[{"taxonomy":"category","embeddable":true,"href":"https:\/\/www.messinaoggi.it\/website\/wp-json\/wp\/v2\/categories?post=140053"},{"taxonomy":"post_tag","embeddable":true,"href":"https:\/\/www.messinaoggi.it\/website\/wp-json\/wp\/v2\/tags?post=140053"}],"curies":[{"name":"wp","href":"https:\/\/api.w.org\/{rel}","templated":true}]}}