{"id":140039,"date":"2023-01-31T22:07:53","date_gmt":"2023-01-31T21:07:53","guid":{"rendered":"https:\/\/www.messinaoggi.it\/website\/2023\/01\/31\/meloni-in-100-giorni-misure-per-uno-stato-piu-equo-e-giusto\/"},"modified":"2023-01-31T22:07:53","modified_gmt":"2023-01-31T21:07:53","slug":"meloni-in-100-giorni-misure-per-uno-stato-piu-equo-e-giusto","status":"publish","type":"post","link":"https:\/\/www.messinaoggi.it\/website\/2023\/01\/31\/meloni-in-100-giorni-misure-per-uno-stato-piu-equo-e-giusto\/","title":{"rendered":"Meloni \u201cIn 100 giorni misure per uno Stato pi\u00f9 equo e giusto\u201d"},"content":{"rendered":"<div>ROMA (ITALPRESS) &#8211; &#8220;Potevamo fare di pi\u00f9? Si pu\u00f2 sempre fare di pi\u00f9, si deve sempre fare di pi\u00f9 e meglio, ma io sono soddisfatta del fatto che non sia passato neanche un giorno, sabato, domenica e feste comprese, senza avere tentato di dare almeno una risposta. Sempre dalla parte dell&#8217;Italia&#8221;. Lo ha detto Giorgia Meloni, presidente del Consiglio, in un video girato in occasione dei cento giorni del Governo e intitolato &#8220;100 azioni in 100 giorni&#8221;.<br \/>\n&#8220;A 100 giorni dall&#8217;insediamento del nuovo governo &#8211; ha affermato &#8211; abbiamo deciso di fare il punto sul nostro lavoro. Ci siamo chiesti se avessimo fatto almeno una cosa utile ogni giorno. Le abbiamo raccolte tutte ed erano di pi\u00f9&#8221;.<br \/>\nMeloni ha ricordato quelle che considera le principali &#8220;cento azioni&#8221;. &#8220;Abbiamo impresso un cambio di passo dello Stato nel contrasto all&#8217;illegalit\u00e0&#8221;, ha detto, elencando i provvedimenti. &#8220;Abbiamo cominciato a difendere i nostri confini dai trafficanti di esseri umani&#8221; e &#8220;proiettato l&#8217;Italia come nazione di nuovo protagonista a livello internazionale&#8221;, ha evidenziato. Poi le altre azioni del governo, tra cui l&#8217;aver &#8220;contribuito a difendere la sicurezza energetica italiana&#8221;, l&#8217;aver &#8220;stabilito il principio che chi non pu\u00f2 lavorare deve avere assistenza ma chi pu\u00f2 lavorare deve avere lavoro&#8221;.<br \/>\n&#8220;Abbiamo rafforzato la solidariet\u00e0 verso i pi\u00f9 fragili&#8221;, ha aggiunto Meloni, entrando ancora nel dettaglio dei provvedimenti. La premier ha anche rivendicato di aver &#8220;dato una mano a difendere il diritto alla casa&#8221;, di aver &#8220;cominciato a costruire uno Stato pi\u00f9 amico di chi produce&#8221;, &#8220;cominciato a contrastare l&#8217;evasione fiscale dove si annida davvero&#8221; e &#8220;voluto rafforzare l&#8217;attenzione dello Stato verso i malati e il mondo della disabilit\u00e0&#8221;.<br \/>\n&#8220;Abbiamo voluto &#8211; ha poi aggiunto &#8211; stabilire il principio che ogni cittadino, territorio e comune deve avere la stessa attenzione&#8221; e &#8220;abbiamo ribadito che l&#8217;Italia intende difendere le sue infrastrutture, il suo marchio, le sue eccellenze&#8221;. Sui giovani, Meloni ha spiegato che il governo ha &#8220;iniziato un importante lavoro per rendere pi\u00f9 moderni i luoghi che frequentano i nostri studenti&#8221; e &#8220;ribadito il principio che uguaglianza e merito sono uno il presupposto dell&#8217;altro&#8221;.<br \/>\n&#8220;Abbiamo avviato &#8211; ha detto &#8211; una revisione profonda per rendere lo Stato pi\u00f9 snello, comprensibile ed efficiente&#8221; e &#8220;immediatamente messo in campo risposte per le vittime di eventi come valanghe o terremoti&#8221;, ha sottolineato. &#8220;Abbiamo &#8211; ha aggiunto &#8211; dato vita a un importante piano di sostegno a chi mette al mondo figli&#8221;.<div id=\"div-gpt-ad-Messinaoggi.it-DSK-300x250-corpoart\" style=\"text-align:center;margin:0 auto;\"><\/div><\/p>\n<p>&#8211; foto: agenziafotogramma.it<div id=\"videoincontent\" style=\"clear:both\";><\/div><\/p>\n<p>(ITALPRESS).<\/p><\/div>\n","protected":false},"excerpt":{"rendered":"<p>ROMA (ITALPRESS) &#8211; &#8220;Potevamo fare di pi\u00f9? Si pu\u00f2 sempre fare di pi\u00f9, si deve sempre fare di pi\u00f9 e meglio, ma io sono soddisfatta del fatto che non sia passato neanche un giorno, sabato, domenica e feste comprese, senza avere tentato di dare almeno una risposta. Sempre dalla parte dell&#8217;Italia&#8221;. Lo ha detto Giorgia [&hellip;]<\/p>\n","protected":false},"author":18,"featured_media":140040,"comment_status":"closed","ping_status":"closed","sticky":false,"template":"","format":"standard","meta":{"ub_ctt_via":"","_mi_skip_tracking":false},"categories":[446],"tags":[783],"featured_image_src":"https:\/\/www.messinaoggi.it\/website\/wp-content\/uploads\/2023\/01\/Agenzia_Fotogramma_meloni2.jpg","author_info":{"display_name":"Admin","author_link":"https:\/\/www.messinaoggi.it\/website\/author\/admin\/"},"digistream_id":0,"digistream":false,"_links":{"self":[{"href":"https:\/\/www.messinaoggi.it\/website\/wp-json\/wp\/v2\/posts\/140039"}],"collection":[{"href":"https:\/\/www.messinaoggi.it\/website\/wp-json\/wp\/v2\/posts"}],"about":[{"href":"https:\/\/www.messinaoggi.it\/website\/wp-json\/wp\/v2\/types\/post"}],"author":[{"embeddable":true,"href":"https:\/\/www.messinaoggi.it\/website\/wp-json\/wp\/v2\/users\/18"}],"replies":[{"embeddable":true,"href":"https:\/\/www.messinaoggi.it\/website\/wp-json\/wp\/v2\/comments?post=140039"}],"version-history":[{"count":0,"href":"https:\/\/www.messinaoggi.it\/website\/wp-json\/wp\/v2\/posts\/140039\/revisions"}],"wp:featuredmedia":[{"embeddable":true,"href":"https:\/\/www.messinaoggi.it\/website\/wp-json\/wp\/v2\/media\/140040"}],"wp:attachment":[{"href":"https:\/\/www.messinaoggi.it\/website\/wp-json\/wp\/v2\/media?parent=140039"}],"wp:term":[{"taxonomy":"category","embeddable":true,"href":"https:\/\/www.messinaoggi.it\/website\/wp-json\/wp\/v2\/categories?post=140039"},{"taxonomy":"post_tag","embeddable":true,"href":"https:\/\/www.messinaoggi.it\/website\/wp-json\/wp\/v2\/tags?post=140039"}],"curies":[{"name":"wp","href":"https:\/\/api.w.org\/{rel}","templated":true}]}}