{"id":140027,"date":"2023-01-31T20:07:54","date_gmt":"2023-01-31T19:07:54","guid":{"rendered":"https:\/\/www.messinaoggi.it\/website\/2023\/01\/31\/papa-lafrica-sia-protagonista-del-suo-destino\/"},"modified":"2023-01-31T20:07:54","modified_gmt":"2023-01-31T19:07:54","slug":"papa-lafrica-sia-protagonista-del-suo-destino","status":"publish","type":"post","link":"https:\/\/www.messinaoggi.it\/website\/2023\/01\/31\/papa-lafrica-sia-protagonista-del-suo-destino\/","title":{"rendered":"Papa \u201cL\u2019Africa sia protagonista del suo destino\u201d"},"content":{"rendered":"<div>KINSHASA (CONGO) (ITALPRESS) &#8211; L&#8217;Africa &#8220;non \u00e8 una miniera da sfruttare o un suolo da saccheggiare&#8221;. Lo ha detto Papa Francesco, a Kinshasa, aprendo la sua visita in Congo. Il Pontefice ha svolto il suo intervento nel giardino del Palais de la Nation dopo l&#8217;incontro con il presidente della Repubblica, Felix Tshisekedi. &#8220;Gi\u00f9 le mani dalla Repubblica Democratica del Congo, gi\u00f9 le mani dall&#8217;Africa. Basta soffocare l&#8217;Africa: non \u00e8 una miniera da sfruttare o un suolo da saccheggiare &#8211; ha sottolineato il Papa -. Sia protagonista del suo destino. Il mondo faccia memoria dei disastri compiuti lungo i secoli a danno delle popolazioni locali e non dimentichi questo Paese e questo Continente. L&#8217;Africa, sorriso e speranza del mondo, conti di pi\u00f9: se ne parli maggiormente, abbia pi\u00f9 peso e rappresentanza tra le Nazioni&#8221;.<br \/>Francesco ha chiesto &#8220;una diplomazia dell&#8217;uomo per l&#8217;uomo, dei popoli per i popoli, che non dia spazio alle mire di espansione e all&#8217;aumento dei profitti, ma alle opportunit\u00e0 di crescita della gente&#8221;. &#8220;Guardando a questo popolo, si ha l&#8217;impressione che la Comunit\u00e0 internazionale si sia quasi rassegnata alla violenza che lo divora &#8211; ha sottolineato il Pontefice -. Non possiamo abituarci al sangue che in questo Paese scorre ormai da decenni, mietendo milioni di morti all&#8217;insaputa di tanti. Si conosca quanto qui accade. I processi di pace in corso, che incoraggio con tutte le forze, siano sostenuti coi fatti e gli impegni siano mantenuti&#8221;.<div id=\"div-gpt-ad-Messinaoggi.it-DSK-300x250-corpoart\" style=\"text-align:center;margin:0 auto;\"><\/div><\/p>\n<p>&#8211; foto Agenziafotogramma.it &#8211;<div id=\"videoincontent\" style=\"clear:both\";><\/div><\/p>\n<p>(ITALPRESS).<\/p><\/div>\n","protected":false},"excerpt":{"rendered":"<p>KINSHASA (CONGO) (ITALPRESS) &#8211; L&#8217;Africa &#8220;non \u00e8 una miniera da sfruttare o un suolo da saccheggiare&#8221;. Lo ha detto Papa Francesco, a Kinshasa, aprendo la sua visita in Congo. Il Pontefice ha svolto il suo intervento nel giardino del Palais de la Nation dopo l&#8217;incontro con il presidente della Repubblica, Felix Tshisekedi. &#8220;Gi\u00f9 le mani [&hellip;]<\/p>\n","protected":false},"author":18,"featured_media":140028,"comment_status":"closed","ping_status":"closed","sticky":false,"template":"","format":"standard","meta":{"ub_ctt_via":"","_mi_skip_tracking":false},"categories":[446],"tags":[783],"featured_image_src":"https:\/\/www.messinaoggi.it\/website\/wp-content\/uploads\/2023\/01\/20230131_2182.jpg","author_info":{"display_name":"Admin","author_link":"https:\/\/www.messinaoggi.it\/website\/author\/admin\/"},"digistream_id":0,"digistream":false,"_links":{"self":[{"href":"https:\/\/www.messinaoggi.it\/website\/wp-json\/wp\/v2\/posts\/140027"}],"collection":[{"href":"https:\/\/www.messinaoggi.it\/website\/wp-json\/wp\/v2\/posts"}],"about":[{"href":"https:\/\/www.messinaoggi.it\/website\/wp-json\/wp\/v2\/types\/post"}],"author":[{"embeddable":true,"href":"https:\/\/www.messinaoggi.it\/website\/wp-json\/wp\/v2\/users\/18"}],"replies":[{"embeddable":true,"href":"https:\/\/www.messinaoggi.it\/website\/wp-json\/wp\/v2\/comments?post=140027"}],"version-history":[{"count":0,"href":"https:\/\/www.messinaoggi.it\/website\/wp-json\/wp\/v2\/posts\/140027\/revisions"}],"wp:featuredmedia":[{"embeddable":true,"href":"https:\/\/www.messinaoggi.it\/website\/wp-json\/wp\/v2\/media\/140028"}],"wp:attachment":[{"href":"https:\/\/www.messinaoggi.it\/website\/wp-json\/wp\/v2\/media?parent=140027"}],"wp:term":[{"taxonomy":"category","embeddable":true,"href":"https:\/\/www.messinaoggi.it\/website\/wp-json\/wp\/v2\/categories?post=140027"},{"taxonomy":"post_tag","embeddable":true,"href":"https:\/\/www.messinaoggi.it\/website\/wp-json\/wp\/v2\/tags?post=140027"}],"curies":[{"name":"wp","href":"https:\/\/api.w.org\/{rel}","templated":true}]}}