{"id":140015,"date":"2023-01-31T19:07:56","date_gmt":"2023-01-31T18:07:56","guid":{"rendered":"https:\/\/www.messinaoggi.it\/website\/2023\/01\/31\/autonomia-berlusconi-alle-regioni-piu-poteri-e-risorse\/"},"modified":"2023-01-31T19:10:00","modified_gmt":"2023-01-31T18:10:00","slug":"autonomia-berlusconi-alle-regioni-piu-poteri-e-risorse","status":"publish","type":"post","link":"https:\/\/www.messinaoggi.it\/website\/2023\/01\/31\/autonomia-berlusconi-alle-regioni-piu-poteri-e-risorse\/","title":{"rendered":"Autonomia, Berlusconi \u201cAlle Regioni pi\u00f9 poteri e risorse\u201d"},"content":{"rendered":"<div>ROMA (ITALPRESS) &#8211; &#8220;Le Regioni avranno pi\u00f9 poteri e pi\u00f9 risorse con l&#8217;autonomia per gestire i servizi essenziali per i cittadini, a partire naturalmente dalla sanit\u00e0&#8221;. Cos\u00ec il presidente di Forza Italia, Silvio Berlusconi, in un video sui canali social.<br \/>&#8220;Dobbiamo pensare che ogni anno 200 mila cittadini raggiungono la Lombardia da altre Regioni per sottoporsi a interventi chirurgici. Quindi &#8211; spiega &#8211; dobbiamo garantire a tutti una sanit\u00e0 di assoluta qualit\u00e0. Le Regioni del Sud vanno sburocratizzate per permettere di procedere con pi\u00f9 velocit\u00e0, anche per prendere in considerazione e analizzare tutte le richieste dei cittadini. Questo \u00e8 un obiettivo che pu\u00f2 essere raggiunto attraverso una ferma lotta alla burocrazia&#8221;, conclude Berlusconi.<div id=\"div-gpt-ad-Messinaoggi.it-DSK-300x250-corpoart\" style=\"text-align:center;margin:0 auto;\"><\/div><\/p>\n<p>&#8211; foto Agenziafotogramma.it &#8211;<div id=\"videoincontent\" style=\"clear:both\";><\/div><\/p>\n<p>(ITALPRESS).<\/p><\/div>\n","protected":false},"excerpt":{"rendered":"<p>ROMA (ITALPRESS) &#8211; &#8220;Le Regioni avranno pi\u00f9 poteri e pi\u00f9 risorse con l&#8217;autonomia per gestire i servizi essenziali per i cittadini, a partire naturalmente dalla sanit\u00e0&#8221;. Cos\u00ec il presidente di Forza Italia, Silvio Berlusconi, in un video sui canali social.&#8220;Dobbiamo pensare che ogni anno 200 mila cittadini raggiungono la Lombardia da altre Regioni per sottoporsi [&hellip;]<\/p>\n","protected":false},"author":18,"featured_media":140016,"comment_status":"closed","ping_status":"closed","sticky":false,"template":"","format":"standard","meta":{"ub_ctt_via":"","_mi_skip_tracking":false},"categories":[446,4],"tags":[783],"featured_image_src":"https:\/\/www.messinaoggi.it\/website\/wp-content\/uploads\/2023\/01\/20230131_2030.jpg","author_info":{"display_name":"Admin","author_link":"https:\/\/www.messinaoggi.it\/website\/author\/admin\/"},"digistream_id":0,"digistream":false,"_links":{"self":[{"href":"https:\/\/www.messinaoggi.it\/website\/wp-json\/wp\/v2\/posts\/140015"}],"collection":[{"href":"https:\/\/www.messinaoggi.it\/website\/wp-json\/wp\/v2\/posts"}],"about":[{"href":"https:\/\/www.messinaoggi.it\/website\/wp-json\/wp\/v2\/types\/post"}],"author":[{"embeddable":true,"href":"https:\/\/www.messinaoggi.it\/website\/wp-json\/wp\/v2\/users\/18"}],"replies":[{"embeddable":true,"href":"https:\/\/www.messinaoggi.it\/website\/wp-json\/wp\/v2\/comments?post=140015"}],"version-history":[{"count":1,"href":"https:\/\/www.messinaoggi.it\/website\/wp-json\/wp\/v2\/posts\/140015\/revisions"}],"predecessor-version":[{"id":140019,"href":"https:\/\/www.messinaoggi.it\/website\/wp-json\/wp\/v2\/posts\/140015\/revisions\/140019"}],"wp:featuredmedia":[{"embeddable":true,"href":"https:\/\/www.messinaoggi.it\/website\/wp-json\/wp\/v2\/media\/140016"}],"wp:attachment":[{"href":"https:\/\/www.messinaoggi.it\/website\/wp-json\/wp\/v2\/media?parent=140015"}],"wp:term":[{"taxonomy":"category","embeddable":true,"href":"https:\/\/www.messinaoggi.it\/website\/wp-json\/wp\/v2\/categories?post=140015"},{"taxonomy":"post_tag","embeddable":true,"href":"https:\/\/www.messinaoggi.it\/website\/wp-json\/wp\/v2\/tags?post=140015"}],"curies":[{"name":"wp","href":"https:\/\/api.w.org\/{rel}","templated":true}]}}