{"id":139965,"date":"2023-01-31T16:07:52","date_gmt":"2023-01-31T15:07:52","guid":{"rendered":"https:\/\/www.messinaoggi.it\/website\/2023\/01\/31\/passera-tassi-negativi-non-potevano-durare-ma-serve-prudenza\/"},"modified":"2023-01-31T16:07:52","modified_gmt":"2023-01-31T15:07:52","slug":"passera-tassi-negativi-non-potevano-durare-ma-serve-prudenza","status":"publish","type":"post","link":"https:\/\/www.messinaoggi.it\/website\/2023\/01\/31\/passera-tassi-negativi-non-potevano-durare-ma-serve-prudenza\/","title":{"rendered":"Passera \u201cTassi negativi non potevano durare, ma serve prudenza\u201d"},"content":{"rendered":"<div>MILANO (ITALPRESS) &#8211; &#8220;L&#8217;Italia negli ultimi due anni \u00e8 cresciuta pi\u00f9 degli altri paesi. Nel 2022 abbiamo espresso 600 miliardi di euro di export. Non sta scritto da nessuna parte che si debba andare in recessione. Dipende da quello che faremo. Evitare la recessione non \u00e8 frutto del caso ma della nostra capacit\u00e0 di usare bene i soldi del Pnrr e fare politica monetaria corretta&#8221;. Lo ha detto Corrado Passera, fondatore e amministratore delegato di Illimity, intervistato da Claudio Brachino per il magazine televisivo Italpress \u0080conomy.<br \/>\n&#8220;Era ovvio &#8211; ha continuato &#8211; che tassi negativi non potessero durare ed era proprio sbagliato avere tassi cos\u00ec bassi. La libert\u00e0 dell&#8217;Europa non \u00e8 totale perch\u00e8 se la Fed alza i tassi e non si segue almeno in parte quella crescita l&#8217;euro si svaluta, con una serie di gravi svantaggi. Secondo me stiamo arrivando a un punto dove aumentare molto oltre sarebbe un errore. Con questa crescita, avvenuta correttamente o forse un p\u00f2 in ritardo, dei tassi di interesse abbiamo aziende e famiglie che oggi pagano tassi rilevanti. Per evitare una stretta creditizia che creerebbe problemi per tutti, il mio suggerimento sarebbe aspettare. Se dovesse esserci un&#8217;altra bolla inflazionistica &#8211; ha aggiunto Passera &#8211; bisogner\u00e0 reagire ma anticipare, come dicono di voler fare, quindi alzare ulteriormente i tassi, secondo me sarebbe un errore&#8221;.<br \/>\nDi fronte alla questione della crisi energetica, diventa cruciale il tema dell&#8217;indipendenza. &#8220;La prima cosa che mi sono trovato sul tavolo da ministro dello Sviluppo economico &#8211; ha detto Passera, che ricopriva questo ruolo nel Governo Monti &#8211; \u00e8 stato il tema dell&#8217;energia. Nessuno ci racconti che quello che stiamo vivendo oggi non era prevedibile. Era talmente evidente che non potevamo rimanere dipendenti totalmente dalla Russia. Quando mi \u00e8 stato proposto di fare un ulteriore gasdotto da quel paese mi sono messo di mezzo. Era chiaro &#8211; ha aggiunto &#8211; che quello avrebbe voluto dire dipendere totalmente. Cos\u00ec abbiamo aperto il Tap, il gasdotto dall&#8217;Azerbaigian&#8221;.<br \/>\nPer Passera &#8220;il Paese ha fatto cose giuste con fatica mentre altre che potevano essere fatte non sono state fatte e ci siamo trovati in difficolt\u00e0, come gli altri paesi d&#8217;Europa, ma potevamo evitarlo&#8221;.<br \/>\n&#8220;Dobbiamo sapere &#8211; ha poi aggiunto &#8211; che certe politiche, come quelle energetiche, non possono essere demandate a qualsiasi livello. Ci sono scelte politiche nazionali che non possono che essere prese a livello nazionale. Credo che l&#8217;autonomia debba essere nella gestione e non nella definizione delle politiche. Il paese \u00e8 unico: deve essere gestito in maniera saggia ma unica&#8221;.<br \/>\nL&#8217;Europa, secondo l&#8217;amministratore delegato di Illimity, &#8220;in occasione delle due ultime grandi emergenze ha dimostrato di essere indispensabile, soprattutto in occasione del Covid e con l&#8217;uso degli eurobond. Abbiamo toccato con mano &#8211; ha evidenziato &#8211; che non siamo solo la somma degli Stati ma qualcosa in pi\u00f9. Ci sono grandi potenze: o noi, come Europa, siamo una di queste o i singoli paesi europei saranno oggetto di conquista culturale, economica e militare&#8221;.<br \/>\nPassera si \u00e8 soffermato anche su risultati e obiettivi di Illimity: &#8220;Nasce &#8211; ha spiegato &#8211; per andare un p\u00f2 oltre i limiti delle banche tradizionali e dedicarsi al mondo delle imprese, soprattutto a quelle imprese che hanno potenziale e magari non sono ancora riuscite a esprimerlo. Quattro anni fa eravamo un progetto, oggi siamo 900 professionisti, abbiamo un bilancio da 6 miliardi e facciamo una cosa che serve. L&#8217;idea di crescere cos\u00ec tanto nel credito, che \u00e8 un settore in cui molte banche non crescono, soprattutto nel mondo delle piccole e medie imprese, d\u00e0 il senso del nostro motto: fare utili ed essere utili&#8221;.<br \/>\nOggi la sostenibilit\u00e0 \u00e8 centrale. &#8220;E&#8217; una parola un p\u00f2 usurata perch\u00e8 ormai viene usata per tutto, per\u00f2 \u00e8 una cosa importante. E&#8217; chiedersi se quello che si fa, oltre a essere utile per s\u00e8 e per la propria azienda, \u00e8 utile anche per la comunit\u00e0 di cui si \u00e8 parte. Un obiettivo come il nostro, cio\u00e8 aiutare le aziende, \u00e8 gi\u00e0 un obiettivo sostenibile&#8221;, ha concluso Passera.<div id=\"div-gpt-ad-Messinaoggi.it-DSK-300x250-corpoart\" style=\"text-align:center;margin:0 auto;\"><\/div><\/p>\n<p>&#8211; foto Italpress &#8211;<div id=\"videoincontent\" style=\"clear:both\";><\/div><\/p>\n<p>(ITALPRESS).<\/p><\/div>\n","protected":false},"excerpt":{"rendered":"<p>MILANO (ITALPRESS) &#8211; &#8220;L&#8217;Italia negli ultimi due anni \u00e8 cresciuta pi\u00f9 degli altri paesi. Nel 2022 abbiamo espresso 600 miliardi di euro di export. Non sta scritto da nessuna parte che si debba andare in recessione. Dipende da quello che faremo. Evitare la recessione non \u00e8 frutto del caso ma della nostra capacit\u00e0 di usare [&hellip;]<\/p>\n","protected":false},"author":18,"featured_media":139966,"comment_status":"closed","ping_status":"closed","sticky":false,"template":"","format":"standard","meta":{"ub_ctt_via":"","_mi_skip_tracking":false},"categories":[446],"tags":[783],"featured_image_src":"https:\/\/www.messinaoggi.it\/website\/wp-content\/uploads\/2023\/01\/20230131_0769.jpg","author_info":{"display_name":"Admin","author_link":"https:\/\/www.messinaoggi.it\/website\/author\/admin\/"},"digistream_id":0,"digistream":false,"_links":{"self":[{"href":"https:\/\/www.messinaoggi.it\/website\/wp-json\/wp\/v2\/posts\/139965"}],"collection":[{"href":"https:\/\/www.messinaoggi.it\/website\/wp-json\/wp\/v2\/posts"}],"about":[{"href":"https:\/\/www.messinaoggi.it\/website\/wp-json\/wp\/v2\/types\/post"}],"author":[{"embeddable":true,"href":"https:\/\/www.messinaoggi.it\/website\/wp-json\/wp\/v2\/users\/18"}],"replies":[{"embeddable":true,"href":"https:\/\/www.messinaoggi.it\/website\/wp-json\/wp\/v2\/comments?post=139965"}],"version-history":[{"count":0,"href":"https:\/\/www.messinaoggi.it\/website\/wp-json\/wp\/v2\/posts\/139965\/revisions"}],"wp:featuredmedia":[{"embeddable":true,"href":"https:\/\/www.messinaoggi.it\/website\/wp-json\/wp\/v2\/media\/139966"}],"wp:attachment":[{"href":"https:\/\/www.messinaoggi.it\/website\/wp-json\/wp\/v2\/media?parent=139965"}],"wp:term":[{"taxonomy":"category","embeddable":true,"href":"https:\/\/www.messinaoggi.it\/website\/wp-json\/wp\/v2\/categories?post=139965"},{"taxonomy":"post_tag","embeddable":true,"href":"https:\/\/www.messinaoggi.it\/website\/wp-json\/wp\/v2\/tags?post=139965"}],"curies":[{"name":"wp","href":"https:\/\/api.w.org\/{rel}","templated":true}]}}