{"id":139963,"date":"2023-01-31T16:02:51","date_gmt":"2023-01-31T15:02:51","guid":{"rendered":"https:\/\/www.messinaoggi.it\/website\/2023\/01\/31\/allospedale-giglio-di-cefalu-un-centro-per-losteoporosi\/"},"modified":"2023-01-31T19:01:28","modified_gmt":"2023-01-31T18:01:28","slug":"allospedale-giglio-di-cefalu-un-centro-per-losteoporosi","status":"publish","type":"post","link":"https:\/\/www.messinaoggi.it\/website\/2023\/01\/31\/allospedale-giglio-di-cefalu-un-centro-per-losteoporosi\/","title":{"rendered":"All\u2019ospedale Giglio di Cefal\u00f9 un centro per l\u2019osteoporosi"},"content":{"rendered":"<div>\n<p>CEFALU\u2019 (PALERMO) (ITALPRESS) \u2013 La Fondazione Istituto G. Giglio di Cefal\u00f9 ha attivato un nuovo ambulatorio multidisciplinare per la prevenzione, diagnosi e cura delle patologie osteometaboliche e fratture da fragilit\u00e0.<br \/>\n\u201cVogliamo offrire ai nostri pazienti con fragilit\u00e0 ossea \u2013 ha detto il presidente della Fondazione Giglio, Giovanni Albano \u2013 un percorso uniforme che li accompagni della diagnosi alla terapia\u201d.<br \/>\nIl Giglio da tempo si \u00e8 dotato di una Moc per misurare la densit\u00e0 minerale ossea e, oggi, \u201ca questa tecnologia \u2013 ha rilevato Albano \u2013 aggiungiamo il supporto di un professionista che \u00e8 il dottor Fabio di Salvo a cui \u00e8 stato affidato il coordinamento di questa attivit\u00e0\u201d.<br \/>\nDi Salvo \u00e8 specialista in ortopedia e traumatologia, componente del Consiglio nazionale della Siommms (societ\u00e0 italiana osteoporosi e del metabolismo osseo minerale e malattie dello scheletro), socio della G.I.B.I.S e di altre societ\u00e0 che curano il metabolismo osseo.<br \/>\nIl nuovo ambulatorio \u00e8 accessibile sia in convenzione con il Servizio sanitario nazionale che in solvenza.<br \/>\n\u201cLa presa in carico precoce del paziente \u2013 ha sottolineato Fabio Di Salvo \u2013 evita conseguenze legate alle alterazioni metaboliche dell\u2019osso che si traducono in fratture da fragilit\u00e0 in particolare nei distretti vertebrali (dorso lombare), femorale e del polso.  Un trattamento tempestivo pu\u00f2 evitare il rischio di frattura e migliorare la qualit\u00e0 della vita\u201d.<br \/>\nIl centro seguir\u00e0 il paziente sin dal primo accesso per la visita specialistica quindi i successivi esami strumentali (rx, moc, tac, rm, scintigrafia ossea), gli esami ematochimici di primo, secondo e terzo livello e quindi l\u2019intero percorso terapeutico, fanno sapere dal Giglio.<br \/>\nfoto Fondazione Istituto G. Giglio di Cefal\u00f9, da sinistra Giovanni Albano e Fabio Di Salvo<br \/>\n(ITALPRESS).<div id=\"div-gpt-ad-Messinaoggi.it-DSK-300x250-corpoart\" style=\"text-align:center;margin:0 auto;\"><\/div><\/p>\n<\/div>\n<div id=\"videoincontent\" style=\"clear:both\";><\/div>","protected":false},"excerpt":{"rendered":"<p>CEFALU\u2019 (PALERMO) (ITALPRESS) \u2013 La Fondazione Istituto G. Giglio di Cefal\u00f9 ha attivato un nuovo ambulatorio multidisciplinare per la prevenzione, diagnosi e cura delle patologie osteometaboliche e fratture da fragilit\u00e0. \u201cVogliamo offrire ai nostri pazienti con fragilit\u00e0 ossea \u2013 ha detto il presidente della Fondazione Giglio, Giovanni Albano \u2013 un percorso uniforme che li accompagni [&hellip;]<\/p>\n","protected":false},"author":18,"featured_media":139964,"comment_status":"closed","ping_status":"closed","sticky":false,"template":"","format":"standard","meta":{"ub_ctt_via":"","_mi_skip_tracking":false},"categories":[11,2449],"tags":[783],"featured_image_src":"https:\/\/www.messinaoggi.it\/website\/wp-content\/uploads\/2023\/01\/Giovanni-Albano-e-Fabio-Di-Salvo.jpg","author_info":{"display_name":"Admin","author_link":"https:\/\/www.messinaoggi.it\/website\/author\/admin\/"},"digistream_id":0,"digistream":false,"_links":{"self":[{"href":"https:\/\/www.messinaoggi.it\/website\/wp-json\/wp\/v2\/posts\/139963"}],"collection":[{"href":"https:\/\/www.messinaoggi.it\/website\/wp-json\/wp\/v2\/posts"}],"about":[{"href":"https:\/\/www.messinaoggi.it\/website\/wp-json\/wp\/v2\/types\/post"}],"author":[{"embeddable":true,"href":"https:\/\/www.messinaoggi.it\/website\/wp-json\/wp\/v2\/users\/18"}],"replies":[{"embeddable":true,"href":"https:\/\/www.messinaoggi.it\/website\/wp-json\/wp\/v2\/comments?post=139963"}],"version-history":[{"count":1,"href":"https:\/\/www.messinaoggi.it\/website\/wp-json\/wp\/v2\/posts\/139963\/revisions"}],"predecessor-version":[{"id":140002,"href":"https:\/\/www.messinaoggi.it\/website\/wp-json\/wp\/v2\/posts\/139963\/revisions\/140002"}],"wp:featuredmedia":[{"embeddable":true,"href":"https:\/\/www.messinaoggi.it\/website\/wp-json\/wp\/v2\/media\/139964"}],"wp:attachment":[{"href":"https:\/\/www.messinaoggi.it\/website\/wp-json\/wp\/v2\/media?parent=139963"}],"wp:term":[{"taxonomy":"category","embeddable":true,"href":"https:\/\/www.messinaoggi.it\/website\/wp-json\/wp\/v2\/categories?post=139963"},{"taxonomy":"post_tag","embeddable":true,"href":"https:\/\/www.messinaoggi.it\/website\/wp-json\/wp\/v2\/tags?post=139963"}],"curies":[{"name":"wp","href":"https:\/\/api.w.org\/{rel}","templated":true}]}}