{"id":139951,"date":"2023-01-31T14:47:50","date_gmt":"2023-01-31T13:47:50","guid":{"rendered":"https:\/\/www.messinaoggi.it\/website\/2023\/01\/31\/amenta-nuovo-presidente-dellanci-sicilia-tutti-insieme-per-valorizzare-i-territori\/"},"modified":"2023-01-31T14:47:50","modified_gmt":"2023-01-31T13:47:50","slug":"amenta-nuovo-presidente-dellanci-sicilia-tutti-insieme-per-valorizzare-i-territori","status":"publish","type":"post","link":"https:\/\/www.messinaoggi.it\/website\/2023\/01\/31\/amenta-nuovo-presidente-dellanci-sicilia-tutti-insieme-per-valorizzare-i-territori\/","title":{"rendered":"Amenta nuovo presidente dell\u2019Anci Sicilia \u201cTutti insieme per valorizzare i territori\u201d"},"content":{"rendered":"<div>\n<p>PALERMO (ITALPRESS) \u2013 Cambio di timoniere all\u2019Associazione dei comuni siciliani. E\u2019 Paolo Amenta il nuovo presidente dell\u2019Anci Sicilia, eletto all\u2019unanimit\u00e0 durante la XII Assemblea dell\u2019associazione, che si \u00e8 svolta al San Paolo Palace, a Palermo. Sindaco di Canicattini Bagni, in provincia di Siracusa, Amenta \u00e8 stato il candidato unitario. Succede a Leoluca Orlando, in carica dal 2014. <br \/>Una standing ovation della platea ha salutato il neo presidente, che ha snocciolato subito quali saranno le priorit\u00e0: \u201cLa mamma delle battaglie sar\u00e0 l\u2019approfondimento di tutta la materia del federalismo fiscale, dell\u2019armonizzazione dei bilanci, ma anche quella dei fabbisogni standard e dei livelli essenziali delle prestazioni \u2013 ha detto in apertura del suo intervento -. Vogliamo capire come far crescere i territori e migliorare la qualit\u00e0 dei servizi per i siciliani. Situazione complicata ma ce la metteremo tutta per far capire che vogliamo cambiare passo\u201d. <br \/>Cosa conserver\u00e0 della presidenza Orlando? \u201cL\u2019idea di un\u2019Anci unita e compatta davanti ai problemi dei Comuni \u2013 n\u00e8 di destra, n\u00e8 di sinistra \u2013 rifiuti, caro bollette, politiche sociali: su questi temi sfideremo le istituzioni sopra di noi\u201d. Quanto alla legge di Stabilit\u00e0, in cantiere all\u2019Ars, Amenta ha tuonato: \u201cNon siamo contenti per l\u2019assalto alla diligenza fatto in commissione Bilancio. Si tratta di fondi chiesti dai vari deputati, che non hanno come obiettivo quello di migliorare la qualit\u00e0 dei comuni. Da non dimenticare, poi, il fatto che da anni compartecipiamo al disavanzo pubblico e regionale con il fondo delle autonomie, ridotto in dieci anni da 900 a 200 milioni. Mi aspetto che il governo cambi passo sulla Finanziaria. Al momento non arrivano notizie incoraggianti\u201d.  A conclusione dell\u2019intervento il presidente Amenta ha sottolineato ancora una volta la \u201cnecessit\u00e0 di lavorare tutti insieme per valorizzare i territori e per assicurare un futuro pi\u00f9 sereno ai siciliani\u201d.<br \/>Presenti all\u2019Assemblea il presidente dell\u2019Ars, Gaetano Galvagno, l\u2019assessore regionale alle Autonomie locali Andrea Mesina, l\u2019assessore regionale al Territorio Elena Pagana, il prefetto Maria Teresa Cucinotta, il presidente del Consiglio nazionale di Anci Enzo Bianco.  Prima dell\u2019elezione del neo presidente, l\u2019Assemblea, che ha eletto anche il Consiglio regionale, \u00e8 stata scandita da vari interventi. Al centro, la questione del mancato adeguamento delle indennit\u00e0 degli amministratori locali a quelle del resto d\u2019Italia: \u201cFacciamo un incredibile fatica a comprendere come mai in Sicilia, a distanza di un anno, gli stipendi dei sindaci non siano ancora state adeguati a quelli dei Comuni del resto d\u2019Italia\u201d, ha detto Mario Alvano, segretario generale dell\u2019Anci, rivolgendosi all\u2019assessore regionale alle Autonomie locali Andrea Messina e ai deputati regionali presenti all\u2019assise. Sullo sfondo c\u2019\u00e8 una norma nazionale che, a fine di dicembre del 2021, ha stabilito che i sindaci di (quasi) tutta Italia debbano guadagnare di pi\u00f9. In Sicilia, regione a statuto speciale, deve essere il Parlamento a stabilirlo. Cosa che finora non ha fatto. \u201cNon \u00e8 una rivendicazione di casta o corporazione ma un fatto dovuto per mettere l\u2019Isola al pari del resto d\u2019Italia\u201d, ha aggiunto Alvano.<br \/>Appello poi raccolto dal presidente dell\u2019Ars, Gaetano Galvagno, durante il suo intervento: \u201cL\u2019adeguamento degli stipendi non \u00e8 un privilegio. La reticenza \u00e8 stata dovuta al fatto che nel passato si guadagnava troppo. Ma oggi \u00e8 una richiesta giusta \u2013 ha sottolineato \u2013 Non si tratta di centinaia di migliaia di euro, ma di 11 milioni. E\u2019 necessaria la volont\u00e0 politica per farlo\u201d.<br \/>Sul tema degli stipendi, \u00e8 intervenuto anche il sindaco di Palermo, Roberto Lagalla: \u201cE\u2019 ridicolo questo dibattito sull\u2019indennit\u00e0 degli amministratori. In Sicilia c\u2019\u00e8 la vocazione al francescanesimo. E\u2019 umiliante, come se fossimo i bambini che stanno rubando la marmellata. Io sono tornato a guadagnare quanto percepivo da giovane assistente universitario\u201d.  Sentito ed emozionato l\u2019intervento del presidente uscente, Leoluca Orlando. \u201cL\u2019Autonomia differenziata \u00e8 inaccettabile. Non si pu\u00f2 immaginare di avere un Paese di serie A e B con la violazione dei principi di eguaglianza che riguardano la salute, il lavoro, la scuola, l\u2019assistenza sociale\u201d. E durante l\u2019intervento di Orlando non sono mancati applausi ai magistrati e alle forze dell\u2019ordine per la cattura di Matteo Messina Denaro. \u201cNon vinceremo contro la mafia fintanto non saranno colpite le collusioni con pezzi di istituzioni e societ\u00e0\u201d.   Il prefetto di Palermo, Maria Teresa Cucinotta, ha posto l\u2019accento sul fatto che \u201csono pochi i sindaci in Sicilia che hanno risposto a un questionario del ministero dell\u2019Interno sul tema delle intimidazioni agli amministratori locali. Dispiace dovere registrare questa poca collaborazione. E\u2019 un momento storico cruciale, ci vuole un cambio di mentalit\u00e0. Vorrei invitarvi a una maggiore collaborazione. Noi siamo a fianco dei Comuni, ma i Comuni devono essere a fianco della Prefettura\u201d. <br \/>Sul tema dei fondi agli Enti locali, l\u2019assessore Andrea Messina, si \u00e8 detto preoccupato, perch\u00e8 \u201cc\u2019\u00e8 un tentativo all\u2019Ars di aggressione al fondo per le autonomia da 327 milioni per le spese correnti che il governo ha previsto nella manovra finanziaria. Con queste riserve si cerca di finanziarie altre piccole attivit\u00e0 o ancora peggio piccoli investimenti. Ho massimo rispetto per le dinamiche parlamentari, ma non ha senso che noi prevediamo un budget di 327 milioni ma poi si spostano risorse su altre finalit\u00e0 facendo ridurre il fondo a 280-260 milioni di euro. Noi difenderemo le nostre scelte\u201d. <br \/>foto xl7 Italpress<br \/>(ITALPRESS).<div id=\"div-gpt-ad-Messinaoggi.it-DSK-300x250-corpoart\" style=\"text-align:center;margin:0 auto;\"><\/div><\/p>\n<\/div>\n<div id=\"videoincontent\" style=\"clear:both\";><\/div>","protected":false},"excerpt":{"rendered":"<p>PALERMO (ITALPRESS) \u2013 Cambio di timoniere all\u2019Associazione dei comuni siciliani. E\u2019 Paolo Amenta il nuovo presidente dell\u2019Anci Sicilia, eletto all\u2019unanimit\u00e0 durante la XII Assemblea dell\u2019associazione, che si \u00e8 svolta al San Paolo Palace, a Palermo. Sindaco di Canicattini Bagni, in provincia di Siracusa, Amenta \u00e8 stato il candidato unitario. Succede a Leoluca Orlando, in carica [&hellip;]<\/p>\n","protected":false},"author":18,"featured_media":139952,"comment_status":"closed","ping_status":"closed","sticky":false,"template":"","format":"standard","meta":{"ub_ctt_via":"","_mi_skip_tracking":false},"categories":[2449],"tags":[783],"featured_image_src":"https:\/\/www.messinaoggi.it\/website\/wp-content\/uploads\/2023\/01\/20230131_0874.jpg","author_info":{"display_name":"Admin","author_link":"https:\/\/www.messinaoggi.it\/website\/author\/admin\/"},"digistream_id":0,"digistream":false,"_links":{"self":[{"href":"https:\/\/www.messinaoggi.it\/website\/wp-json\/wp\/v2\/posts\/139951"}],"collection":[{"href":"https:\/\/www.messinaoggi.it\/website\/wp-json\/wp\/v2\/posts"}],"about":[{"href":"https:\/\/www.messinaoggi.it\/website\/wp-json\/wp\/v2\/types\/post"}],"author":[{"embeddable":true,"href":"https:\/\/www.messinaoggi.it\/website\/wp-json\/wp\/v2\/users\/18"}],"replies":[{"embeddable":true,"href":"https:\/\/www.messinaoggi.it\/website\/wp-json\/wp\/v2\/comments?post=139951"}],"version-history":[{"count":0,"href":"https:\/\/www.messinaoggi.it\/website\/wp-json\/wp\/v2\/posts\/139951\/revisions"}],"wp:featuredmedia":[{"embeddable":true,"href":"https:\/\/www.messinaoggi.it\/website\/wp-json\/wp\/v2\/media\/139952"}],"wp:attachment":[{"href":"https:\/\/www.messinaoggi.it\/website\/wp-json\/wp\/v2\/media?parent=139951"}],"wp:term":[{"taxonomy":"category","embeddable":true,"href":"https:\/\/www.messinaoggi.it\/website\/wp-json\/wp\/v2\/categories?post=139951"},{"taxonomy":"post_tag","embeddable":true,"href":"https:\/\/www.messinaoggi.it\/website\/wp-json\/wp\/v2\/tags?post=139951"}],"curies":[{"name":"wp","href":"https:\/\/api.w.org\/{rel}","templated":true}]}}