{"id":139947,"date":"2023-01-31T14:07:51","date_gmt":"2023-01-31T13:07:51","guid":{"rendered":"https:\/\/www.messinaoggi.it\/website\/2023\/01\/31\/cospito-piantedosi-non-ci-faremo-condizionare\/"},"modified":"2023-01-31T19:02:20","modified_gmt":"2023-01-31T18:02:20","slug":"cospito-piantedosi-non-ci-faremo-condizionare","status":"publish","type":"post","link":"https:\/\/www.messinaoggi.it\/website\/2023\/01\/31\/cospito-piantedosi-non-ci-faremo-condizionare\/","title":{"rendered":"Cospito, Piantedosi \u201cNon ci faremo condizionare\u201d"},"content":{"rendered":"<div>ROMA (ITALPRESS) &#8211; &#8220;Noi siamo assolutamente non condizionati da quelle che sono le vicende della gestione del detenuto Cospito, non ci faremo condizionare dai fatti, il percorso del 41 bis proceder\u00e0 come deve&#8221;. Lo ha detto il ministro dell&#8217;Interno, Matteo Piantedosi, nel corso della conferenza stampa sul caso Cospito. &#8220;I fatti di questi giorni hanno imposto una riflessione sulla sicurezza pubblica&#8221; ha aggiunto &#8220;faremo le nostre valutazioni con serenit\u00e0, non \u00e8 che c&#8217;\u00e8 una minaccia terroristica dietro l&#8217;angolo&#8221;. <br \/>-foto agenziafotogramma.it-<br \/>(ITALPRESS).<\/div>\n<div id=\"div-gpt-ad-Messinaoggi.it-DSK-300x250-corpoart\" style=\"text-align:center;margin:0 auto;\"><\/div><\/p><div id=\"videoincontent\" style=\"clear:both\";><\/div>","protected":false},"excerpt":{"rendered":"<p>ROMA (ITALPRESS) &#8211; &#8220;Noi siamo assolutamente non condizionati da quelle che sono le vicende della gestione del detenuto Cospito, non ci faremo condizionare dai fatti, il percorso del 41 bis proceder\u00e0 come deve&#8221;. Lo ha detto il ministro dell&#8217;Interno, Matteo Piantedosi, nel corso della conferenza stampa sul caso Cospito. &#8220;I fatti di questi giorni hanno [&hellip;]<\/p>\n","protected":false},"author":18,"featured_media":139948,"comment_status":"closed","ping_status":"closed","sticky":false,"template":"","format":"standard","meta":{"ub_ctt_via":"","_mi_skip_tracking":false},"categories":[446,4],"tags":[783],"featured_image_src":"https:\/\/www.messinaoggi.it\/website\/wp-content\/uploads\/2023\/01\/20230131_0526.jpg","author_info":{"display_name":"Admin","author_link":"https:\/\/www.messinaoggi.it\/website\/author\/admin\/"},"digistream_id":0,"digistream":false,"_links":{"self":[{"href":"https:\/\/www.messinaoggi.it\/website\/wp-json\/wp\/v2\/posts\/139947"}],"collection":[{"href":"https:\/\/www.messinaoggi.it\/website\/wp-json\/wp\/v2\/posts"}],"about":[{"href":"https:\/\/www.messinaoggi.it\/website\/wp-json\/wp\/v2\/types\/post"}],"author":[{"embeddable":true,"href":"https:\/\/www.messinaoggi.it\/website\/wp-json\/wp\/v2\/users\/18"}],"replies":[{"embeddable":true,"href":"https:\/\/www.messinaoggi.it\/website\/wp-json\/wp\/v2\/comments?post=139947"}],"version-history":[{"count":1,"href":"https:\/\/www.messinaoggi.it\/website\/wp-json\/wp\/v2\/posts\/139947\/revisions"}],"predecessor-version":[{"id":140007,"href":"https:\/\/www.messinaoggi.it\/website\/wp-json\/wp\/v2\/posts\/139947\/revisions\/140007"}],"wp:featuredmedia":[{"embeddable":true,"href":"https:\/\/www.messinaoggi.it\/website\/wp-json\/wp\/v2\/media\/139948"}],"wp:attachment":[{"href":"https:\/\/www.messinaoggi.it\/website\/wp-json\/wp\/v2\/media?parent=139947"}],"wp:term":[{"taxonomy":"category","embeddable":true,"href":"https:\/\/www.messinaoggi.it\/website\/wp-json\/wp\/v2\/categories?post=139947"},{"taxonomy":"post_tag","embeddable":true,"href":"https:\/\/www.messinaoggi.it\/website\/wp-json\/wp\/v2\/tags?post=139947"}],"curies":[{"name":"wp","href":"https:\/\/api.w.org\/{rel}","templated":true}]}}