{"id":139918,"date":"2023-01-31T11:47:52","date_gmt":"2023-01-31T10:47:52","guid":{"rendered":"https:\/\/www.messinaoggi.it\/website\/2023\/01\/31\/il-comune-di-palermo-firma-patto-con-lo-stato-lagalla-evitato-dissesto\/"},"modified":"2023-01-31T12:52:54","modified_gmt":"2023-01-31T11:52:54","slug":"il-comune-di-palermo-firma-patto-con-lo-stato-lagalla-evitato-dissesto","status":"publish","type":"post","link":"https:\/\/www.messinaoggi.it\/website\/2023\/01\/31\/il-comune-di-palermo-firma-patto-con-lo-stato-lagalla-evitato-dissesto\/","title":{"rendered":"Il comune di Palermo firma \u201cPatto con lo Stato\u201d, Lagalla \u201cEvitato dissesto\u201d"},"content":{"rendered":"<div>\n<p>PALERMO (ITALPRESS) \u2013 Sottoscritto \u201cPatto con lo Stato\u201d tra il Comune di Palermo e la Presidenza del Consiglio. Lo rende noto il sindaco Roberto Lagalla: \u201cSi volta pagina e inizia un nuovo capitolo di rinascita \u2013 commenta -. Siamo contenti di avere salvato l\u2019Amministrazione dal dissesto e ora ci sono tutte le carte in regola per mettere in atto il Piano di riequilibrio che restituir\u00e0 al Comune correntezza economica. Abbiamo gi\u00e0 ottenuto un incremento finanziario di 40 milioni per il 2024 e, dopo avere evitato l\u2019aumento dell\u2019Irpef per 100 milioni per gli anni 2022 e 2023, proprio col Piano di riequilibrio contiamo di erodere ancora il gettito Irpef anche per i prossimi anni, evitando di gravare sulle economie dei palermitani. Ringrazio il governo Meloni anche per la possibilit\u00e0 di rimodulare il Patto con cadenza annuale, dando al Comune l\u2019opportunit\u00e0 di rivedere l\u2019erogazione delle risorse finanziarie statali in base alle esigenze della citt\u00e0\u201d.<br \/>\u201cL\u2019accordo con lo Stato \u2013 aggiunge il vicesindaco e assessore al Bilancio Carolina Varchi \u2013 \u00e8 un traguardo fondamentale per il futuro di Palermo che \u00e8 frutto del grande sforzo di questa amministrazione che ha approvato bilanci che non avevano il via libera da pi\u00f9 di due anni. La collaborazione tra il Comune di Palermo e il Governo nazionale \u00e8 stretta ed \u00e8 dimostrata dal fatto che, rispetto al Patto elaborato dalla precedente amministrazione, che non ebbe il placet n\u00e8 degli uffici n\u00e8 del Consiglio comunale, questo \u00e8 un accordo che pu\u00f2 essere rimodulato di anno in anno, tenendo conto delle specificit\u00e0 e dei bisogni della citt\u00e0, ma soprattutto delle sensibilit\u00e0 di una nuova maggioranza consiliare. Il Consiglio comunale, e con esso i cittadini, sar\u00e0 protagonista delle modifiche che annualmente saranno apportate. Parallelamente continuiamo a coltivare le interlocuzioni che ci consentiranno di portare maggiori risorse nelle casse del Comune, cos\u00ec come accaduto gi\u00e0 durante la finanziaria\u201d.<br \/>credit photo agenziafotogramma.it<br \/>(ITALPRESS).<div id=\"div-gpt-ad-Messinaoggi.it-DSK-300x250-corpoart\" style=\"text-align:center;margin:0 auto;\"><\/div><\/p>\n<\/div>\n<div id=\"videoincontent\" style=\"clear:both\";><\/div>","protected":false},"excerpt":{"rendered":"<p>PALERMO (ITALPRESS) \u2013 Sottoscritto \u201cPatto con lo Stato\u201d tra il Comune di Palermo e la Presidenza del Consiglio. Lo rende noto il sindaco Roberto Lagalla: \u201cSi volta pagina e inizia un nuovo capitolo di rinascita \u2013 commenta -. Siamo contenti di avere salvato l\u2019Amministrazione dal dissesto e ora ci sono tutte le carte in regola [&hellip;]<\/p>\n","protected":false},"author":18,"featured_media":139919,"comment_status":"closed","ping_status":"closed","sticky":false,"template":"","format":"standard","meta":{"ub_ctt_via":"","_mi_skip_tracking":false},"categories":[11,2449],"tags":[783],"featured_image_src":"https:\/\/www.messinaoggi.it\/website\/wp-content\/uploads\/2023\/01\/20230131_0273.jpg","author_info":{"display_name":"Admin","author_link":"https:\/\/www.messinaoggi.it\/website\/author\/admin\/"},"digistream_id":0,"digistream":false,"_links":{"self":[{"href":"https:\/\/www.messinaoggi.it\/website\/wp-json\/wp\/v2\/posts\/139918"}],"collection":[{"href":"https:\/\/www.messinaoggi.it\/website\/wp-json\/wp\/v2\/posts"}],"about":[{"href":"https:\/\/www.messinaoggi.it\/website\/wp-json\/wp\/v2\/types\/post"}],"author":[{"embeddable":true,"href":"https:\/\/www.messinaoggi.it\/website\/wp-json\/wp\/v2\/users\/18"}],"replies":[{"embeddable":true,"href":"https:\/\/www.messinaoggi.it\/website\/wp-json\/wp\/v2\/comments?post=139918"}],"version-history":[{"count":1,"href":"https:\/\/www.messinaoggi.it\/website\/wp-json\/wp\/v2\/posts\/139918\/revisions"}],"predecessor-version":[{"id":139944,"href":"https:\/\/www.messinaoggi.it\/website\/wp-json\/wp\/v2\/posts\/139918\/revisions\/139944"}],"wp:featuredmedia":[{"embeddable":true,"href":"https:\/\/www.messinaoggi.it\/website\/wp-json\/wp\/v2\/media\/139919"}],"wp:attachment":[{"href":"https:\/\/www.messinaoggi.it\/website\/wp-json\/wp\/v2\/media?parent=139918"}],"wp:term":[{"taxonomy":"category","embeddable":true,"href":"https:\/\/www.messinaoggi.it\/website\/wp-json\/wp\/v2\/categories?post=139918"},{"taxonomy":"post_tag","embeddable":true,"href":"https:\/\/www.messinaoggi.it\/website\/wp-json\/wp\/v2\/tags?post=139918"}],"curies":[{"name":"wp","href":"https:\/\/api.w.org\/{rel}","templated":true}]}}