{"id":139832,"date":"2023-01-31T00:07:51","date_gmt":"2023-01-30T23:07:51","guid":{"rendered":"https:\/\/www.messinaoggi.it\/website\/2023\/01\/30\/berlusconi-entro-fine-legislatura-pensioni-minime-a-mille-euro\/"},"modified":"2023-01-31T09:15:42","modified_gmt":"2023-01-31T08:15:42","slug":"berlusconi-entro-fine-legislatura-pensioni-minime-a-mille-euro","status":"publish","type":"post","link":"https:\/\/www.messinaoggi.it\/website\/2023\/01\/31\/berlusconi-entro-fine-legislatura-pensioni-minime-a-mille-euro\/","title":{"rendered":"Berlusconi \u201cEntro fine legislatura pensioni minime a mille euro\u201d"},"content":{"rendered":"<div>ROMA (ITALPRESS) &#8211; &#8220;Aumento delle pensioni minime? Fu il mio governo ad occuparsi e a preoccuparsi della fascia meno protetta della popolazione, e oggi che il centrodestra \u00e8 tornato al governo, ho avviato una battaglia per innalzare le pensioni minime a 1000 euro e, insieme a me, a condurre questa battaglia c&#8217;\u00e8, naturalmente, la forza politica che io ho creato: Forza Italia&#8221;. Lo ha detto il leader di Forza Italia, Silvio Berlusconi, nel corso della registrazione di &#8220;Quarta Repubblica&#8221;, in onda in prima serata su Rete4. &#8220;Il primo segnale l&#8217;abbiamo gi\u00e0 dato ai nostri pensionati che hanno 75 anni o pi\u00f9, perch\u00e8 abbiamo aumentato la loro pensione a 600 euro al mese&#8221; ha aggiunto &#8220;consiglio quindi ai miei coetanei, a tutti i pensionati italiani di andare a votare per consegnare a Forza Italia un mandato forte e chiaro affinch\u00e8 possa continuare verso il traguardo di elevare la loro pensione anno dopo anno, da 600 a 700 euro, da 700 a 800 euro, da 800 a 900 euro per arrivare entro questa legislatura a 1000 euro al mese per tredici mensilit\u00e0&#8221;.<div id=\"div-gpt-ad-Messinaoggi.it-DSK-300x250-corpoart\" style=\"text-align:center;margin:0 auto;\"><\/div><\/p>\n<p>&#8211; foto Agenziafotogramma.it &#8211;<div id=\"videoincontent\" style=\"clear:both\";><\/div><\/p>\n<p>(ITALPRESS).<\/p><\/div>\n","protected":false},"excerpt":{"rendered":"<p>ROMA (ITALPRESS) &#8211; &#8220;Aumento delle pensioni minime? Fu il mio governo ad occuparsi e a preoccuparsi della fascia meno protetta della popolazione, e oggi che il centrodestra \u00e8 tornato al governo, ho avviato una battaglia per innalzare le pensioni minime a 1000 euro e, insieme a me, a condurre questa battaglia c&#8217;\u00e8, naturalmente, la forza [&hellip;]<\/p>\n","protected":false},"author":18,"featured_media":139833,"comment_status":"closed","ping_status":"closed","sticky":false,"template":"","format":"standard","meta":{"ub_ctt_via":"","_mi_skip_tracking":false},"categories":[446,4],"tags":[783],"featured_image_src":"https:\/\/www.messinaoggi.it\/website\/wp-content\/uploads\/2023\/01\/20230130_1642.jpg","author_info":{"display_name":"Admin","author_link":"https:\/\/www.messinaoggi.it\/website\/author\/admin\/"},"digistream_id":0,"digistream":false,"_links":{"self":[{"href":"https:\/\/www.messinaoggi.it\/website\/wp-json\/wp\/v2\/posts\/139832"}],"collection":[{"href":"https:\/\/www.messinaoggi.it\/website\/wp-json\/wp\/v2\/posts"}],"about":[{"href":"https:\/\/www.messinaoggi.it\/website\/wp-json\/wp\/v2\/types\/post"}],"author":[{"embeddable":true,"href":"https:\/\/www.messinaoggi.it\/website\/wp-json\/wp\/v2\/users\/18"}],"replies":[{"embeddable":true,"href":"https:\/\/www.messinaoggi.it\/website\/wp-json\/wp\/v2\/comments?post=139832"}],"version-history":[{"count":1,"href":"https:\/\/www.messinaoggi.it\/website\/wp-json\/wp\/v2\/posts\/139832\/revisions"}],"predecessor-version":[{"id":139894,"href":"https:\/\/www.messinaoggi.it\/website\/wp-json\/wp\/v2\/posts\/139832\/revisions\/139894"}],"wp:featuredmedia":[{"embeddable":true,"href":"https:\/\/www.messinaoggi.it\/website\/wp-json\/wp\/v2\/media\/139833"}],"wp:attachment":[{"href":"https:\/\/www.messinaoggi.it\/website\/wp-json\/wp\/v2\/media?parent=139832"}],"wp:term":[{"taxonomy":"category","embeddable":true,"href":"https:\/\/www.messinaoggi.it\/website\/wp-json\/wp\/v2\/categories?post=139832"},{"taxonomy":"post_tag","embeddable":true,"href":"https:\/\/www.messinaoggi.it\/website\/wp-json\/wp\/v2\/tags?post=139832"}],"curies":[{"name":"wp","href":"https:\/\/api.w.org\/{rel}","templated":true}]}}