{"id":139773,"date":"2023-01-30T13:47:50","date_gmt":"2023-01-30T12:47:50","guid":{"rendered":"https:\/\/www.messinaoggi.it\/website\/2023\/01\/30\/a-catania-si-e-insediato-il-commissario-straordinario-del-comune\/"},"modified":"2023-01-30T13:47:50","modified_gmt":"2023-01-30T12:47:50","slug":"a-catania-si-e-insediato-il-commissario-straordinario-del-comune","status":"publish","type":"post","link":"https:\/\/www.messinaoggi.it\/website\/2023\/01\/30\/a-catania-si-e-insediato-il-commissario-straordinario-del-comune\/","title":{"rendered":"A Catania si \u00e8 insediato il Commissario straordinario del Comune"},"content":{"rendered":"<div>\n<p>CATANIA (ITALPRESS) \u2013 Si \u00e8 insediato nella sede Municipale di Palazzo degli Elefanti, il Commissario Straordinario del Comune di Catania Piero Mattei, nominato dalla Regione Siciliana con l\u2019attribuzione dei poteri del sindaco e della giunta del capoluogo etneo.<br \/>Il neo commissario, accompagnato dall\u2019assessore regionale alle Autonomie Locali Andrea Messina, \u00e8 stato ricevuto al Comune dal presidente del Consiglio Comunale Sebastiano Anastasi, dal segretario generale Rossana Manno, dal capo di gabinetto Giuseppe Ferraro e dal Comandante dei Vigili Urbani Stefano Sorbino. Presente anche il vice commissario Bernardo Campo.<br \/>Piero Mattei ha prestato servizio nelle prefetture di Enna, Agrigento, Palermo, Reggio Calabria, come Alto commissariato antimafia, Salerno, Oristano, Crotone e Vicenza e svolto l\u2019incarico di commissario straordinario in diversi Comuni.<br \/>Subito dopo l\u2019insediamento ha firmato, come tradizione, il libro d\u2019onore e si \u00e8 soffermato su alcuni temi riguardanti le finanze comunali, la dotazione di personale, e i programmi dei prossimi giorni legati alla Festa di Sant\u2019Agata.<br \/>\u201cIn questo momento sono prioritarie le cerimonie legate ai festeggiamenti della Santa Patrona \u2013 ha dichiarato \u2013 ma non appena si concluderanno ci metteremo subito al lavoro per affrontare i tanti problemi della citt\u00e0\u201d.<br \/>Subito dopo la prima presa di contatto con il Comune, Mattei ha sottoscritto l\u2019insediamento anche nella qualit\u00e0 di commissario straordinario della citt\u00e0 metropolitana e si \u00e8 recato dal Prefetto come primo atto istituzionale.<br \/>foto ufficio stampa Comune di Catania<br \/>(ITALPRESS).<div id=\"div-gpt-ad-Messinaoggi.it-DSK-300x250-corpoart\" style=\"text-align:center;margin:0 auto;\"><\/div><\/p>\n<\/div>\n<div id=\"videoincontent\" style=\"clear:both\";><\/div>","protected":false},"excerpt":{"rendered":"<p>CATANIA (ITALPRESS) \u2013 Si \u00e8 insediato nella sede Municipale di Palazzo degli Elefanti, il Commissario Straordinario del Comune di Catania Piero Mattei, nominato dalla Regione Siciliana con l\u2019attribuzione dei poteri del sindaco e della giunta del capoluogo etneo.Il neo commissario, accompagnato dall\u2019assessore regionale alle Autonomie Locali Andrea Messina, \u00e8 stato ricevuto al Comune dal presidente [&hellip;]<\/p>\n","protected":false},"author":18,"featured_media":139774,"comment_status":"closed","ping_status":"closed","sticky":false,"template":"","format":"standard","meta":{"ub_ctt_via":"","_mi_skip_tracking":false},"categories":[2449],"tags":[783],"featured_image_src":"https:\/\/www.messinaoggi.it\/website\/wp-content\/uploads\/2023\/01\/20230130_0533.jpg","author_info":{"display_name":"Admin","author_link":"https:\/\/www.messinaoggi.it\/website\/author\/admin\/"},"digistream_id":0,"digistream":false,"_links":{"self":[{"href":"https:\/\/www.messinaoggi.it\/website\/wp-json\/wp\/v2\/posts\/139773"}],"collection":[{"href":"https:\/\/www.messinaoggi.it\/website\/wp-json\/wp\/v2\/posts"}],"about":[{"href":"https:\/\/www.messinaoggi.it\/website\/wp-json\/wp\/v2\/types\/post"}],"author":[{"embeddable":true,"href":"https:\/\/www.messinaoggi.it\/website\/wp-json\/wp\/v2\/users\/18"}],"replies":[{"embeddable":true,"href":"https:\/\/www.messinaoggi.it\/website\/wp-json\/wp\/v2\/comments?post=139773"}],"version-history":[{"count":0,"href":"https:\/\/www.messinaoggi.it\/website\/wp-json\/wp\/v2\/posts\/139773\/revisions"}],"wp:featuredmedia":[{"embeddable":true,"href":"https:\/\/www.messinaoggi.it\/website\/wp-json\/wp\/v2\/media\/139774"}],"wp:attachment":[{"href":"https:\/\/www.messinaoggi.it\/website\/wp-json\/wp\/v2\/media?parent=139773"}],"wp:term":[{"taxonomy":"category","embeddable":true,"href":"https:\/\/www.messinaoggi.it\/website\/wp-json\/wp\/v2\/categories?post=139773"},{"taxonomy":"post_tag","embeddable":true,"href":"https:\/\/www.messinaoggi.it\/website\/wp-json\/wp\/v2\/tags?post=139773"}],"curies":[{"name":"wp","href":"https:\/\/api.w.org\/{rel}","templated":true}]}}