{"id":13974,"date":"2018-01-06T10:49:58","date_gmt":"2018-01-06T09:49:58","guid":{"rendered":"http:\/\/www.messinaoggi.it\/website\/?p=13974"},"modified":"2018-01-06T10:49:58","modified_gmt":"2018-01-06T09:49:58","slug":"ricorso-al-tar-di-busalacchi-illegittima-lelezione-di-musumeci-irregolarita-a-messina-e-agrigento","status":"publish","type":"post","link":"https:\/\/www.messinaoggi.it\/website\/2018\/01\/06\/ricorso-al-tar-di-busalacchi-illegittima-lelezione-di-musumeci-irregolarita-a-messina-e-agrigento\/","title":{"rendered":"Busalacchi al Tar: &quot;Illegittima l&#039;elezione di Musumeci, irregolarit\u00e0 a Messina e Agrigento&quot;"},"content":{"rendered":"<p>&#8220;Abbiamo chiesto al Tar l&#8217;annullamento delle elezioni regionali in quanto tutto il procedimento elettorale \u00e8 viziato dall&#8217;illegalit\u00e0 e dall&#8217;illegittimit\u00e0&#8221;. Lo afferma il leader del movimento I Nuovi Vespri, Franco Busalacchi che, con il suo legale, l&#8217;avv. Lillo Massimiliano Musso, ha illustrato i dettagli del ricorso depositato a Palermo.<br \/>\n&#8220;L&#8217;obiettivo &#8211; aggiunge &#8211; \u00e8 il ripristino della legalit\u00e0 e l&#8217;affermazione della giustizia perch\u00e9 senza giustizia non c&#8217;e&#8217; democrazia&#8221;. &#8220;Noi &#8211; continua il leader de I Nuovi Vespri &#8211; abbiamo subito una bocciatura della nostra lista regionale per vizi formali, ma vi assicuro che, rispetto alla mancanza di qualche timbro, i vizi delle altre liste sono ben piu&#8217; gravi. Abbiamo trovato un inferno.<br \/>\nNe siamo certi &#8211; sostiene Busalacchi &#8211; perch\u00e9, attraverso l&#8217;accesso agli atti, abbiamo fatto un&#8217;indagine a tappeto sulle liste elettorali ed abbiamo scoperto irregolarit\u00e0 da falso ideologico e documentale. Nessun giudice potr\u00e0 chiudere gli occhi, e in questo noi vogliamo ancora credere, ma se cosi&#8217; non fosse arriveremo fino alla Corte di Giustizia Europea saltando il Cga che \u00e8 un organismo politico&#8221;.<br \/>\n&#8220;Solo una sentenza politica &#8211; osserva l&#8217;avvocato Musso &#8211; potrebbe non riconoscere la fondatezza del nostro ricorso&#8221;. Il legale parla di invalidit\u00e0 diretta per alcune liste e di un&#8217;invalidita&#8217; derivata per altre. Tra queste ultime, la lista regionale &#8220;Nello Musumeci Presidente, Diventera&#8217; Bellissima, per la Sicilia&#8221; (il cosiddetto &#8216;listino&#8217; del presidente Musumeci). Per questo, secondo il legale, &#8220;la proclamazione a Presidente della Regione Siciliana di Musumeci Sebastiano, come atto conclusivo di un complesso procedimento amministrativo, e&#8217; illegittima&#8221;.<br \/>\nSecondo i ricorrenti &#8220;gravi irregolarit\u00e0 sono state riscontrate nelle liste provinciali di Agrigento e\u00a0Messina&#8221; che, secondo il ricorso di Busalacchi, &#8220;hanno alterato il risultato elettorale in quanto liste che andavano escluse hanno contribuito alla vittoria dell&#8217;attuale maggioranza&#8221;.<div id=\"div-gpt-ad-Messinaoggi.it-DSK-300x250-corpoart\" style=\"text-align:center;margin:0 auto;\"><\/div><\/p>\n<div id=\"videoincontent\" style=\"clear:both\";><\/div>","protected":false},"excerpt":{"rendered":"<p>&#8220;Abbiamo chiesto al Tar l&#8217;annullamento delle elezioni regionali in quanto tutto il procedimento elettorale \u00e8 viziato dall&#8217;illegalit\u00e0 e dall&#8217;illegittimit\u00e0&#8221;. Lo afferma il leader del movimento I Nuovi Vespri, Franco Busalacchi che, con il suo legale, l&#8217;avv. Lillo Massimiliano Musso, ha illustrato i dettagli del ricorso depositato a Palermo. &#8220;L&#8217;obiettivo &#8211; aggiunge &#8211; \u00e8 il ripristino [&hellip;]<\/p>\n","protected":false},"author":2,"featured_media":10995,"comment_status":"closed","ping_status":"open","sticky":false,"template":"","format":"standard","meta":{"ub_ctt_via":"","_mi_skip_tracking":false},"categories":[11],"tags":[],"featured_image_src":"https:\/\/www.messinaoggi.it\/website\/wp-content\/uploads\/2017\/11\/nello-musumeci-al-voto.jpg","author_info":{"display_name":"Redazione","author_link":"https:\/\/www.messinaoggi.it\/website\/author\/redazione\/"},"digistream_id":0,"digistream":false,"_links":{"self":[{"href":"https:\/\/www.messinaoggi.it\/website\/wp-json\/wp\/v2\/posts\/13974"}],"collection":[{"href":"https:\/\/www.messinaoggi.it\/website\/wp-json\/wp\/v2\/posts"}],"about":[{"href":"https:\/\/www.messinaoggi.it\/website\/wp-json\/wp\/v2\/types\/post"}],"author":[{"embeddable":true,"href":"https:\/\/www.messinaoggi.it\/website\/wp-json\/wp\/v2\/users\/2"}],"replies":[{"embeddable":true,"href":"https:\/\/www.messinaoggi.it\/website\/wp-json\/wp\/v2\/comments?post=13974"}],"version-history":[{"count":0,"href":"https:\/\/www.messinaoggi.it\/website\/wp-json\/wp\/v2\/posts\/13974\/revisions"}],"wp:featuredmedia":[{"embeddable":true,"href":"https:\/\/www.messinaoggi.it\/website\/wp-json\/wp\/v2\/media\/10995"}],"wp:attachment":[{"href":"https:\/\/www.messinaoggi.it\/website\/wp-json\/wp\/v2\/media?parent=13974"}],"wp:term":[{"taxonomy":"category","embeddable":true,"href":"https:\/\/www.messinaoggi.it\/website\/wp-json\/wp\/v2\/categories?post=13974"},{"taxonomy":"post_tag","embeddable":true,"href":"https:\/\/www.messinaoggi.it\/website\/wp-json\/wp\/v2\/tags?post=13974"}],"curies":[{"name":"wp","href":"https:\/\/api.w.org\/{rel}","templated":true}]}}