{"id":139676,"date":"2023-01-29T19:02:51","date_gmt":"2023-01-29T18:02:51","guid":{"rendered":"https:\/\/www.messinaoggi.it\/website\/2023\/01\/29\/addio-a-vito-chimenti-ex-attaccante-di-palermo-e-avellino\/"},"modified":"2023-01-29T19:02:51","modified_gmt":"2023-01-29T18:02:51","slug":"addio-a-vito-chimenti-ex-attaccante-di-palermo-e-avellino","status":"publish","type":"post","link":"https:\/\/www.messinaoggi.it\/website\/2023\/01\/29\/addio-a-vito-chimenti-ex-attaccante-di-palermo-e-avellino\/","title":{"rendered":"Addio a Vito Chimenti, ex attaccante di Palermo e Avellino"},"content":{"rendered":"<div>\n<p>MATERA (ITALPRESS) \u2013 All\u2019et\u00e0 di 69 anni si \u00e8 spento Vito Chimenti. Ex attaccante di Palermo, Avellino, Taranto e tante altre squadre, \u00e8 morto sul campo di gioco, dopo aver aiutato i portieri del Pomarico, squadra di Eccellenza lucana, durante il riscaldamento. Tornando negli spogliatoi, infatti, Chimenti si \u00e8 accasciato al suolo, stroncato da un infarto. Vani i tentativi di rianimarlo. Oltre ad essere un calciatore, \u00e8 stato anche allenatore. Famoso per la \u2018biciclett\u00e0 e per un gol con la maglia del Palermo, in diretta televisiva in Rai, alla Juventus in finale di Coppa Italia, barese di nascita, ormai viveva a Matera dove si era stabilito a fine carriera. Era anche lo zio dell\u2019ex portiere della Juve, Antonio Chimenti. \u201cSe ne va un amico del Palermo, un amico di chi ama il Palermo, un amico mio \u2013 ha detto il presidente del club rosanero, Dario Mirri -. Un animo gentile che ha sempre rappresentato l\u2019amore per la nostra maglia e che non a caso abbiamo voluto anche omaggiare qualche anno fa con un\u2019opera d\u2019arte interamente dedicata a lui al Palermo Museum\u201d. Chimenti \u00e8 stato una storica bandiera della squadra siciliana, dentro e fuori dal campo, amato da tutti i tifosi, che lui stesso aveva rappresentato negli scorsi anni come membro della Consulta d\u2019indirizzo della societ\u00e0 in serie D e nel primo anno in serie C. \u201cRester\u00e0 sempre con noi, come il ricordo della sua \u2018biciclett\u00e0, ormai parte della nostra storia\u201d, ha aggiunto Mirri mentre l\u2019allenatore rosanero Eugenio Corini e l\u2019attaccante Matteo Brunori, nel post partita di Ascoli, hanno dedicato la vittoria di oggi allo stesso Chimenti.<br \/>\u2013 foto agenziafotogramma.it \u2013 <br \/>(ITALPRESS).<div id=\"div-gpt-ad-Messinaoggi.it-DSK-300x250-corpoart\" style=\"text-align:center;margin:0 auto;\"><\/div><\/p>\n<\/div>\n<div id=\"videoincontent\" style=\"clear:both\";><\/div>","protected":false},"excerpt":{"rendered":"<p>MATERA (ITALPRESS) \u2013 All\u2019et\u00e0 di 69 anni si \u00e8 spento Vito Chimenti. Ex attaccante di Palermo, Avellino, Taranto e tante altre squadre, \u00e8 morto sul campo di gioco, dopo aver aiutato i portieri del Pomarico, squadra di Eccellenza lucana, durante il riscaldamento. Tornando negli spogliatoi, infatti, Chimenti si \u00e8 accasciato al suolo, stroncato da un [&hellip;]<\/p>\n","protected":false},"author":18,"featured_media":139677,"comment_status":"closed","ping_status":"closed","sticky":false,"template":"","format":"standard","meta":{"ub_ctt_via":"","_mi_skip_tracking":false},"categories":[2449],"tags":[783],"featured_image_src":"https:\/\/www.messinaoggi.it\/website\/wp-content\/uploads\/2023\/01\/20230129_1768.jpg","author_info":{"display_name":"Admin","author_link":"https:\/\/www.messinaoggi.it\/website\/author\/admin\/"},"digistream_id":0,"digistream":false,"_links":{"self":[{"href":"https:\/\/www.messinaoggi.it\/website\/wp-json\/wp\/v2\/posts\/139676"}],"collection":[{"href":"https:\/\/www.messinaoggi.it\/website\/wp-json\/wp\/v2\/posts"}],"about":[{"href":"https:\/\/www.messinaoggi.it\/website\/wp-json\/wp\/v2\/types\/post"}],"author":[{"embeddable":true,"href":"https:\/\/www.messinaoggi.it\/website\/wp-json\/wp\/v2\/users\/18"}],"replies":[{"embeddable":true,"href":"https:\/\/www.messinaoggi.it\/website\/wp-json\/wp\/v2\/comments?post=139676"}],"version-history":[{"count":0,"href":"https:\/\/www.messinaoggi.it\/website\/wp-json\/wp\/v2\/posts\/139676\/revisions"}],"wp:featuredmedia":[{"embeddable":true,"href":"https:\/\/www.messinaoggi.it\/website\/wp-json\/wp\/v2\/media\/139677"}],"wp:attachment":[{"href":"https:\/\/www.messinaoggi.it\/website\/wp-json\/wp\/v2\/media?parent=139676"}],"wp:term":[{"taxonomy":"category","embeddable":true,"href":"https:\/\/www.messinaoggi.it\/website\/wp-json\/wp\/v2\/categories?post=139676"},{"taxonomy":"post_tag","embeddable":true,"href":"https:\/\/www.messinaoggi.it\/website\/wp-json\/wp\/v2\/tags?post=139676"}],"curies":[{"name":"wp","href":"https:\/\/api.w.org\/{rel}","templated":true}]}}