{"id":139631,"date":"2023-01-29T11:17:52","date_gmt":"2023-01-29T10:17:52","guid":{"rendered":"https:\/\/www.messinaoggi.it\/website\/2023\/01\/29\/in-sicilia-treno-piu-lento-ditalia-schifani-no-sconti-sui-trasporti\/"},"modified":"2023-01-29T17:10:46","modified_gmt":"2023-01-29T16:10:46","slug":"in-sicilia-treno-piu-lento-ditalia-schifani-no-sconti-sui-trasporti","status":"publish","type":"post","link":"https:\/\/www.messinaoggi.it\/website\/2023\/01\/29\/in-sicilia-treno-piu-lento-ditalia-schifani-no-sconti-sui-trasporti\/","title":{"rendered":"In Sicilia treno pi\u00f9 lento d\u2019Italia. Schifani \u201cNo sconti sui trasporti\u201d"},"content":{"rendered":"<div>\n<p>PALERMO (ITALPRESS) \u2013 Mentre a livello nazionale si parla della possibilit\u00e0 di realizzare il ponte che colleghi la Sicilia al resto dell\u2019Italia, i problemi dei trasporti nell\u2019Isola restano legati a delle infrastrutture che denotano il segno dei tempi, come la rete ferroviaria interna, come sottolinea un articolo de \u201cIl Corriere della Sera\u201d di Marco Bonarrigo che racconta il lunghissimo e snervante viaggio di 13 ore e 8 minuti per andare da Trapani a Ragusa. \u201cA Dio piacendo, dalla stazione di Trapani parte ogni giorno il treno regionale pi\u00f9 lento d\u2019Italia e magari d\u2019Europa: tredici ore e otto minuti (salvo ritardi, festivi esclusi, ndr) per arrivare a Ragusa dopo quattro cambi e 47 fermate in altrettante stazioni \u2018impresidiat\u00e8, ovvero (burocratichese Fs) abbandonate alla natura (fanno, circa, 25 km\/h)\u201d si legge nell\u2019articolo. Un viaggio che si conclude in serata, anche con una decina di minuti di ritardo, come sottolinea l\u2019autore dell\u2019articolo. \u201cE\u2019 quando entriamo rantolando nella stazione di Ragusa (cosa volete che siano 13 minuti di ritardo dopo un giorno intero di viaggio) Girolamo, macchinista \u2018in transit\u00f2, ci informa che la corsa non termina nel capoluogo, come pensavamo: il servizio si chiude mezz\u2019ora dopo tra le meraviglie di Modica, dove il treno riposer\u00e0 fino all\u2019alba prima di ripartire per Siracusa. Sbarchiamo a Modica alle 20 e 30: nella stazione deserta le luci sono fioche e manca perfino il sottopassaggio\u201d. Sul treno-tartaruga interviene il Presidente della Regione Siciliana, Renato Schifani che si dice pronto a dare battaglia. \u201cL\u2019estate scorsa mi \u00e8 stato chiesto dai leaders del centrodestra di governare la mia terra. E gli elettori lo hanno voluto con il loro voto. Non intendo per\u00f2 galleggiare sulla quotidianit\u00e0 amministrativa, ma svolgere il mio ruolo con l\u2019impegno convinto di cambiare l\u00e0 qualit\u00e0 della vita dei siciliani. Ecco perch\u00e8 i temi relativi alla efficienza dei collegamenti viari e ferroviari sono per me di rilevanza strategica, per cui mi impegner\u00f2 al massimo perch\u00e8 possano trovare soluzione attraverso un confronto anche serrato tra il mio governo e gli enti di stato competenti\u201d dichiara il governatore all\u2019Agenzia Italpress. <br \/>\u201cIl ponte sullo stretto \u00e8 importante \u2013 conclude -, ma lo sono anche le strade ed autostrade interne ed efficienti collegamenti ferroviari, allo stato inesistenti per colpe del passato che non intendo avvalorare coi miei silenzi\u201d. Una richiesta di confronto del Presidente Schifani che \u00e8 subito raccolta da Ferrovie della Stato che si dice \u201cassolutamente disponibile a collaborare con il governatore Schifani attivando subito una serie di incontri e programmare tutti gli interventi necessari per il miglioramento delle infrastrutture viarie e ferroviarie siciliane\u201d dichiara all\u2019Italpress un portavoce di FS. \u201cun confronto anche serrato tra il mio governo e gli enti di stato competenti\u201d per risolvere un problema annoso come quello della tratta Trapani-Ragusa, definita il \u201ctreno pi\u00f9 lento d\u2019Italia\u201d.<div id=\"div-gpt-ad-Messinaoggi.it-DSK-300x250-corpoart\" style=\"text-align:center;margin:0 auto;\"><\/div><\/p>\n<p>foto: agenziafotogramma.it<div id=\"videoincontent\" style=\"clear:both\";><\/div><\/p>\n<p>(ITALPRESS).<\/p>\n<\/div>\n","protected":false},"excerpt":{"rendered":"<p>PALERMO (ITALPRESS) \u2013 Mentre a livello nazionale si parla della possibilit\u00e0 di realizzare il ponte che colleghi la Sicilia al resto dell\u2019Italia, i problemi dei trasporti nell\u2019Isola restano legati a delle infrastrutture che denotano il segno dei tempi, come la rete ferroviaria interna, come sottolinea un articolo de \u201cIl Corriere della Sera\u201d di Marco Bonarrigo [&hellip;]<\/p>\n","protected":false},"author":18,"featured_media":139632,"comment_status":"closed","ping_status":"closed","sticky":false,"template":"","format":"standard","meta":{"ub_ctt_via":"","_mi_skip_tracking":false},"categories":[11,2449],"tags":[783],"featured_image_src":"https:\/\/www.messinaoggi.it\/website\/wp-content\/uploads\/2023\/01\/20230129_0163.jpg","author_info":{"display_name":"Admin","author_link":"https:\/\/www.messinaoggi.it\/website\/author\/admin\/"},"digistream_id":0,"digistream":false,"_links":{"self":[{"href":"https:\/\/www.messinaoggi.it\/website\/wp-json\/wp\/v2\/posts\/139631"}],"collection":[{"href":"https:\/\/www.messinaoggi.it\/website\/wp-json\/wp\/v2\/posts"}],"about":[{"href":"https:\/\/www.messinaoggi.it\/website\/wp-json\/wp\/v2\/types\/post"}],"author":[{"embeddable":true,"href":"https:\/\/www.messinaoggi.it\/website\/wp-json\/wp\/v2\/users\/18"}],"replies":[{"embeddable":true,"href":"https:\/\/www.messinaoggi.it\/website\/wp-json\/wp\/v2\/comments?post=139631"}],"version-history":[{"count":1,"href":"https:\/\/www.messinaoggi.it\/website\/wp-json\/wp\/v2\/posts\/139631\/revisions"}],"predecessor-version":[{"id":139652,"href":"https:\/\/www.messinaoggi.it\/website\/wp-json\/wp\/v2\/posts\/139631\/revisions\/139652"}],"wp:featuredmedia":[{"embeddable":true,"href":"https:\/\/www.messinaoggi.it\/website\/wp-json\/wp\/v2\/media\/139632"}],"wp:attachment":[{"href":"https:\/\/www.messinaoggi.it\/website\/wp-json\/wp\/v2\/media?parent=139631"}],"wp:term":[{"taxonomy":"category","embeddable":true,"href":"https:\/\/www.messinaoggi.it\/website\/wp-json\/wp\/v2\/categories?post=139631"},{"taxonomy":"post_tag","embeddable":true,"href":"https:\/\/www.messinaoggi.it\/website\/wp-json\/wp\/v2\/tags?post=139631"}],"curies":[{"name":"wp","href":"https:\/\/api.w.org\/{rel}","templated":true}]}}