{"id":139608,"date":"2023-01-28T15:07:53","date_gmt":"2023-01-28T14:07:53","guid":{"rendered":"https:\/\/www.messinaoggi.it\/website\/2023\/01\/28\/sarri-avverte-la-lazio-con-la-fiorentina-gara-rischiosa\/"},"modified":"2023-01-28T15:07:53","modified_gmt":"2023-01-28T14:07:53","slug":"sarri-avverte-la-lazio-con-la-fiorentina-gara-rischiosa","status":"publish","type":"post","link":"https:\/\/www.messinaoggi.it\/website\/2023\/01\/28\/sarri-avverte-la-lazio-con-la-fiorentina-gara-rischiosa\/","title":{"rendered":"Sarri avverte la Lazio \u201cCon la Fiorentina gara rischiosa\u201d"},"content":{"rendered":"<div>ROMA (ITALPRESS) &#8211; &#8220;Dopo la vittoria sul Milan, la soluzione \u00e8 l&#8217;equilibrio, nelle sensazioni e nelle analisi, senza eccedere nel pessimismo o nell&#8217;ottimismo. I nostri trascorsi ci dicono che questa \u00e8 una partita a rischio, serve il salto di qualit\u00e0 definitivo. Abbiamo speso tante energie mentali, la continuit\u00e0 \u00e8 l&#8217;unica cosa che manca a questa squadra&#8221;. Lo ha detto l&#8217;allenatore della Lazio Maurizio Sarri in conferenza stampa alla vigilia del match contro la Fiorentina. In passato il tecnico parl\u00f2 di &#8220;cilindrata mentale&#8221;, ora chiarisce: &#8220;Questa squadra si allena sempre con applicazione, ieri c&#8217;era ancora un p\u00f2 di stanchezza fisica ma contiamo in 24 ore di sistemare tutto. La stanchezza mentale \u00e8 quella pi\u00f9 difficile da smaltire. A Firenze il risultato era stato pi\u00f9 largo rispetto a quanto non meritasse la prestazione dei nostri avversari&#8221;. <br \/>Spazio anche alle condizioni di due pedine fondamentali della sua squadra. &#8220;La decisione su Immobile ancora non \u00e8 la mia. Non ha mai fatto un allenamento completo con la squadra. Il ragazzo ha sensazioni fortemente positive, i medici sono pi\u00f9 cauti, l&#8217;ecografia sembra pulita. L&#8217;ultima parola spetta ai medici, lui vuole mettersi a disposizione per qualche minuto. Vediamo i riscontri di oggi, poi si decider\u00e0. Marusic sta abbastanza bene, ieri ha saltato uno spezzone di allenamento solo perch\u00e8 ha accusato crampi marted\u00ec sera. Sta bene fisicamente e mentalmente cos\u00ec come Hysaj&#8221;, ha concluso Sarri.<br \/>&#8211; foto LivePhotoSport &#8211; <br \/>(ITALPRESS).<\/div>\n<div id=\"div-gpt-ad-Messinaoggi.it-DSK-300x250-corpoart\" style=\"text-align:center;margin:0 auto;\"><\/div><\/p><div id=\"videoincontent\" style=\"clear:both\";><\/div>","protected":false},"excerpt":{"rendered":"<p>ROMA (ITALPRESS) &#8211; &#8220;Dopo la vittoria sul Milan, la soluzione \u00e8 l&#8217;equilibrio, nelle sensazioni e nelle analisi, senza eccedere nel pessimismo o nell&#8217;ottimismo. I nostri trascorsi ci dicono che questa \u00e8 una partita a rischio, serve il salto di qualit\u00e0 definitivo. Abbiamo speso tante energie mentali, la continuit\u00e0 \u00e8 l&#8217;unica cosa che manca a questa [&hellip;]<\/p>\n","protected":false},"author":18,"featured_media":139609,"comment_status":"closed","ping_status":"closed","sticky":false,"template":"","format":"standard","meta":{"ub_ctt_via":"","_mi_skip_tracking":false},"categories":[446],"tags":[783],"featured_image_src":"https:\/\/www.messinaoggi.it\/website\/wp-content\/uploads\/2023\/01\/20230128_1055.jpg","author_info":{"display_name":"Admin","author_link":"https:\/\/www.messinaoggi.it\/website\/author\/admin\/"},"digistream_id":0,"digistream":false,"_links":{"self":[{"href":"https:\/\/www.messinaoggi.it\/website\/wp-json\/wp\/v2\/posts\/139608"}],"collection":[{"href":"https:\/\/www.messinaoggi.it\/website\/wp-json\/wp\/v2\/posts"}],"about":[{"href":"https:\/\/www.messinaoggi.it\/website\/wp-json\/wp\/v2\/types\/post"}],"author":[{"embeddable":true,"href":"https:\/\/www.messinaoggi.it\/website\/wp-json\/wp\/v2\/users\/18"}],"replies":[{"embeddable":true,"href":"https:\/\/www.messinaoggi.it\/website\/wp-json\/wp\/v2\/comments?post=139608"}],"version-history":[{"count":0,"href":"https:\/\/www.messinaoggi.it\/website\/wp-json\/wp\/v2\/posts\/139608\/revisions"}],"wp:featuredmedia":[{"embeddable":true,"href":"https:\/\/www.messinaoggi.it\/website\/wp-json\/wp\/v2\/media\/139609"}],"wp:attachment":[{"href":"https:\/\/www.messinaoggi.it\/website\/wp-json\/wp\/v2\/media?parent=139608"}],"wp:term":[{"taxonomy":"category","embeddable":true,"href":"https:\/\/www.messinaoggi.it\/website\/wp-json\/wp\/v2\/categories?post=139608"},{"taxonomy":"post_tag","embeddable":true,"href":"https:\/\/www.messinaoggi.it\/website\/wp-json\/wp\/v2\/tags?post=139608"}],"curies":[{"name":"wp","href":"https:\/\/api.w.org\/{rel}","templated":true}]}}