{"id":139582,"date":"2023-01-28T11:17:53","date_gmt":"2023-01-28T10:17:53","guid":{"rendered":"https:\/\/www.messinaoggi.it\/website\/2023\/01\/28\/inaugurazione-anno-giudiziario-a-catania-priorita-e-riduzione-dei-tempi-processuali\/"},"modified":"2023-01-28T11:17:53","modified_gmt":"2023-01-28T10:17:53","slug":"inaugurazione-anno-giudiziario-a-catania-priorita-e-riduzione-dei-tempi-processuali","status":"publish","type":"post","link":"https:\/\/www.messinaoggi.it\/website\/2023\/01\/28\/inaugurazione-anno-giudiziario-a-catania-priorita-e-riduzione-dei-tempi-processuali\/","title":{"rendered":"Inaugurazione anno giudiziario a Catania \u201cPriorit\u00e0 \u00e8 riduzione dei tempi processuali\u201d"},"content":{"rendered":"<div>\n<p>CATANIA (ITALPRESS) \u2013 Servono maggiori risorse economiche, che arriveranno in parte dal Pnrr, e pi\u00f9 personale nel comparto giustizia: \u201cL\u2019obiettivo \u00e8 ridurre del 25% la durata media del processo, perch\u00e8 \u00e8 una priorit\u00e0 assoluta\u201d. Sono le parole del presidente della Corte d\u2019Appello di Catania, Filippo Pennisi, che ha aperto la cerimonia d\u2019inaugurazione dell\u2019anno giudiziario nell\u2019Aula delle Adunanze del Palazzo di Giustizia etneo. <br \/>\u201cAbbiamo gi\u00e0 ridotto del 14% l\u2019arretrato civile, mentre per quanto riguarda il processo d\u2019appello bisogna arrivare ad una media inferiore ai 2 anni, cio\u00e8 sotto la fatidica soglia europea, mentre adesso ci attestiamo dai 3 ai 4 anni\u201d, sottolinea. <br \/>Tutto questo dipende da vari fattori, a cominciare dalla stabilizzazione dei precari: \u201cSia per aiutare e sostenere questo personale che per supportare gli uffici; ma solo risorse sicure e durature possono garantire la piena soddisfazione degli organici \u2013 aggiunge Pennisi -. La giustizia \u00e8 al collasso ma attendiamo il potenziamento dell\u2019ufficio del processo grazie a circa il 70% dei 3 miliardi previsti dal Pnrr per il nostro settore\u201d.  <br \/>Pennisi parla anche di inadeguatezza delle strutture giudiziarie cittadine, di episodi di degrado, del recente crollo di un soffitto all\u2019ultimo piano del Tribunale (senza feriti, per fortuna) e ha ricordato l\u2019affidamento urgente per l\u2019impermeabilizzazione del tetto: \u201cIn questi anni abbiamo impiegato energie che potevano essere sfruttate per le esigenze giudiziarie e non per queste problematiche\u201d.<br \/>Alla cerimonia sono intervenuti anche il procuratore generale della Repubblica presso la Corte d\u2019Appello di Catania Carlo Caponcello, i presidenti di sezione della Corte d\u2019Appello di Catania Giovanni Di Pietro e Giuseppe Ferreri, il presidente dell\u2019Ordine degli avvocati di Catania Rosario Pizzino e il segretario del Consiglio giudiziario presso la Corte d\u2019Appello di Catania Alessandro Sorrentino.<br \/>foto xd9 Italpress<br \/>(ITALPRESS).<div id=\"div-gpt-ad-Messinaoggi.it-DSK-300x250-corpoart\" style=\"text-align:center;margin:0 auto;\"><\/div><\/p>\n<\/div>\n<div id=\"videoincontent\" style=\"clear:both\";><\/div>","protected":false},"excerpt":{"rendered":"<p>CATANIA (ITALPRESS) \u2013 Servono maggiori risorse economiche, che arriveranno in parte dal Pnrr, e pi\u00f9 personale nel comparto giustizia: \u201cL\u2019obiettivo \u00e8 ridurre del 25% la durata media del processo, perch\u00e8 \u00e8 una priorit\u00e0 assoluta\u201d. Sono le parole del presidente della Corte d\u2019Appello di Catania, Filippo Pennisi, che ha aperto la cerimonia d\u2019inaugurazione dell\u2019anno giudiziario nell\u2019Aula [&hellip;]<\/p>\n","protected":false},"author":18,"featured_media":139583,"comment_status":"closed","ping_status":"closed","sticky":false,"template":"","format":"standard","meta":{"ub_ctt_via":"","_mi_skip_tracking":false},"categories":[2449],"tags":[783],"featured_image_src":"https:\/\/www.messinaoggi.it\/website\/wp-content\/uploads\/2023\/01\/20230128_0632.jpg","author_info":{"display_name":"Admin","author_link":"https:\/\/www.messinaoggi.it\/website\/author\/admin\/"},"digistream_id":0,"digistream":false,"_links":{"self":[{"href":"https:\/\/www.messinaoggi.it\/website\/wp-json\/wp\/v2\/posts\/139582"}],"collection":[{"href":"https:\/\/www.messinaoggi.it\/website\/wp-json\/wp\/v2\/posts"}],"about":[{"href":"https:\/\/www.messinaoggi.it\/website\/wp-json\/wp\/v2\/types\/post"}],"author":[{"embeddable":true,"href":"https:\/\/www.messinaoggi.it\/website\/wp-json\/wp\/v2\/users\/18"}],"replies":[{"embeddable":true,"href":"https:\/\/www.messinaoggi.it\/website\/wp-json\/wp\/v2\/comments?post=139582"}],"version-history":[{"count":0,"href":"https:\/\/www.messinaoggi.it\/website\/wp-json\/wp\/v2\/posts\/139582\/revisions"}],"wp:featuredmedia":[{"embeddable":true,"href":"https:\/\/www.messinaoggi.it\/website\/wp-json\/wp\/v2\/media\/139583"}],"wp:attachment":[{"href":"https:\/\/www.messinaoggi.it\/website\/wp-json\/wp\/v2\/media?parent=139582"}],"wp:term":[{"taxonomy":"category","embeddable":true,"href":"https:\/\/www.messinaoggi.it\/website\/wp-json\/wp\/v2\/categories?post=139582"},{"taxonomy":"post_tag","embeddable":true,"href":"https:\/\/www.messinaoggi.it\/website\/wp-json\/wp\/v2\/tags?post=139582"}],"curies":[{"name":"wp","href":"https:\/\/api.w.org\/{rel}","templated":true}]}}