{"id":139559,"date":"2023-01-28T09:07:54","date_gmt":"2023-01-28T08:07:54","guid":{"rendered":"https:\/\/www.messinaoggi.it\/website\/2023\/01\/28\/denunciati-due-promotori-del-gruppo-no-vax-guerrieri-vivi\/"},"modified":"2023-01-28T19:55:43","modified_gmt":"2023-01-28T18:55:43","slug":"denunciati-due-promotori-del-gruppo-no-vax-guerrieri-vivi","status":"publish","type":"post","link":"https:\/\/www.messinaoggi.it\/website\/2023\/01\/28\/denunciati-due-promotori-del-gruppo-no-vax-guerrieri-vivi\/","title":{"rendered":"Denunciati due promotori del gruppo No-vax \u201cGuerrieri ViVi\u201d"},"content":{"rendered":"<div>GENOVA (ITALPRESS) &#8211; Identificati e denunciati dalla Polizia di Stato due promotori del gruppo No-vax &#8220;guerrieri ViVi&#8221;, in fase di oscuramento i loro canali di comunicazione in rete.<br \/>La Polizia di Stato di Genova, al termine dell&#8217;attivit\u00e0 investigativa che un anno fa aveva consentito di denunciare ventiquattro appartenenti al gruppo No vax &#8211; no green pass denominato &#8220;guerrieri ViVi&#8221;, ha condotto alcune perquisizioni a Brescia, Verona e Matera, delegate dalla D.D.A. della Procura di Genova a carico di tre persone, di cui due indiziate di essere promotrici del sodalizio nell&#8217;ambito di un procedimento per associazione segreta e per istigazione all&#8217;interruzione di un servizio di pubblica necessit\u00e0.<br \/>Il Centro Operativo per la Sicurezza Cibernetica della Liguria ha identificato i capi dell&#8217;organizzazione dopo mesi di serrate indagini informatiche che hanno consentito di setacciare centinaia di chat su numerosi social e documenti postati in rete, scardinando l&#8217;anonimato che gli autori ritenevano di avere conseguito grazie all&#8217;utilizzo di reti VPN e del sistema di messaggistica Telegram. <br \/>L&#8217;attivit\u00e0 di proselitismo e istigazione a delinquere del gruppo No-vax ha quotidianamente preso di mira rappresentanti istituzionali e appartenenti all&#8217;Ordine dei medici attraverso commenti &#8220;violenti&#8221;, postandoli in maniera coordinata e ripetitiva sui profili social delle vittime, soprattutto di chi esprimeva opinioni a favore dei vaccini, imbrattando con scritte in vernice rossa le sedi di alcune Asl, di hub vaccinali, ospedali, ordini dei medici, scuole, sedi di alcuni sindacati e testate giornalistiche. <br \/>Con la conclusione delle restrizioni legate alla pandemia, il gruppo No vax, &#8220;dichiaratamente ossessionato da ogni presunta forma di controllo &#8211; sottolineano gli investigatori -, non ha interrotto la propria attivit\u00e0 di proselitismo, si \u00e8 orientato verso gli argomenti dei sistemi di pagamento e di identit\u00e0 digitale, dei cambiamenti climatici, del 5G, &#8216;attaccand\u00f2 in rete, con lo stesso modus operandi, talvolta anche con minacce, chi esprimeva opinioni a favore dello sviluppo di tali tecnologie o tematiche&#8221;. <br \/>Gli attacchi venivano coordinati su gruppi telegram creati ad hoc e sugli stessi gruppi venivano poi pubblicizzate le incursioni, con immagini o screenshot di quanto vandalizzato. <br \/>Create anche alcune sfide con cui i promotori invitavano gli adepti a compiere azioni illecite, come posizionare striscioni o adesivi ritraenti il logo del gruppo su sedi Istituzionali, in una sorta di gara che prevedeva un premio in bitcoin da assegnare all&#8217;autore dell&#8217;azione pi\u00f9 eclatante. <br \/>Le perquisizioni eseguite dagli investigatori del Centro Operativo per la Sicurezza Cibernetica di Genova, in collaborazione con gli agenti delle Digos di Brescia, Verona e Matera, e il coordinamento del Servizio Polizia Postale e delle Comunicazioni di Roma, presso le residenze degli indagati, i loro luoghi di lavoro e un maneggio in provincia di Brescia presso cui si incontravano, hanno consentito agli investigatori di acquisire evidenze informatiche di conferma dell&#8217;attuale operativit\u00e0 dei &#8220;ViVi&#8221; e di ritirare cautelativamente sei armi comuni da sparo, nella disponibilit\u00e0 degli indagati, regolarmente denunciate. E&#8217; in corso il sequestro preventivo dei loro mezzi di comunicazione e propaganda in rete, emesso dal gip del Tribunale di Genova.<br \/>(ITALPRESS).<\/div>\n<div id=\"div-gpt-ad-Messinaoggi.it-DSK-300x250-corpoart\" style=\"text-align:center;margin:0 auto;\"><\/div><\/p><div id=\"videoincontent\" style=\"clear:both\";><\/div>","protected":false},"excerpt":{"rendered":"<p>GENOVA (ITALPRESS) &#8211; Identificati e denunciati dalla Polizia di Stato due promotori del gruppo No-vax &#8220;guerrieri ViVi&#8221;, in fase di oscuramento i loro canali di comunicazione in rete.La Polizia di Stato di Genova, al termine dell&#8217;attivit\u00e0 investigativa che un anno fa aveva consentito di denunciare ventiquattro appartenenti al gruppo No vax &#8211; no green pass [&hellip;]<\/p>\n","protected":false},"author":18,"featured_media":139560,"comment_status":"closed","ping_status":"closed","sticky":false,"template":"","format":"standard","meta":{"ub_ctt_via":"","_mi_skip_tracking":false},"categories":[221,446],"tags":[783],"featured_image_src":"https:\/\/www.messinaoggi.it\/website\/wp-content\/uploads\/2023\/01\/20230128_0131.jpg","author_info":{"display_name":"Admin","author_link":"https:\/\/www.messinaoggi.it\/website\/author\/admin\/"},"digistream_id":0,"digistream":false,"_links":{"self":[{"href":"https:\/\/www.messinaoggi.it\/website\/wp-json\/wp\/v2\/posts\/139559"}],"collection":[{"href":"https:\/\/www.messinaoggi.it\/website\/wp-json\/wp\/v2\/posts"}],"about":[{"href":"https:\/\/www.messinaoggi.it\/website\/wp-json\/wp\/v2\/types\/post"}],"author":[{"embeddable":true,"href":"https:\/\/www.messinaoggi.it\/website\/wp-json\/wp\/v2\/users\/18"}],"replies":[{"embeddable":true,"href":"https:\/\/www.messinaoggi.it\/website\/wp-json\/wp\/v2\/comments?post=139559"}],"version-history":[{"count":1,"href":"https:\/\/www.messinaoggi.it\/website\/wp-json\/wp\/v2\/posts\/139559\/revisions"}],"predecessor-version":[{"id":139619,"href":"https:\/\/www.messinaoggi.it\/website\/wp-json\/wp\/v2\/posts\/139559\/revisions\/139619"}],"wp:featuredmedia":[{"embeddable":true,"href":"https:\/\/www.messinaoggi.it\/website\/wp-json\/wp\/v2\/media\/139560"}],"wp:attachment":[{"href":"https:\/\/www.messinaoggi.it\/website\/wp-json\/wp\/v2\/media?parent=139559"}],"wp:term":[{"taxonomy":"category","embeddable":true,"href":"https:\/\/www.messinaoggi.it\/website\/wp-json\/wp\/v2\/categories?post=139559"},{"taxonomy":"post_tag","embeddable":true,"href":"https:\/\/www.messinaoggi.it\/website\/wp-json\/wp\/v2\/tags?post=139559"}],"curies":[{"name":"wp","href":"https:\/\/api.w.org\/{rel}","templated":true}]}}