{"id":139546,"date":"2023-01-28T07:12:39","date_gmt":"2023-01-28T06:12:39","guid":{"rendered":"http:\/\/www.messinaoggi.it\/website\/?p=139546"},"modified":"2023-12-03T02:18:38","modified_gmt":"2023-12-03T01:18:38","slug":"anno-giudiziario-scoppia-la-protesta-dei-penalisti","status":"publish","type":"post","link":"https:\/\/www.messinaoggi.it\/website\/2023\/01\/28\/anno-giudiziario-scoppia-la-protesta-dei-penalisti\/","title":{"rendered":"Anno giudiziario, scoppia la protesta dei penalisti"},"content":{"rendered":"\n<p>Scoppia la protesta degli avvocati penalisti iscritti alla Camera Penale Pisani \u2013 Amendolia di Messina. La ragione \u00e8 l\u2019esclusione della Camera Penale dal dibattito durante l\u2019inaugurazione dell\u2019anno giudiziario, che si terr\u00e0 oggi al Palazzo di Giustizia. Per ragioni di tempo, infatti, solo i cosiddetti rappresentanti istituzionali potranno intervenire in presenza, mentre le altre componenti, in sostanza le libere associazioni come la Camera Penale, potranno al massimo depositare una relazione scritta.<div id=\"div-gpt-ad-Messinaoggi.it-DSK-300x250-corpoart\" style=\"text-align:center;margin:0 auto;\"><\/div><\/p>\n\n\n\n<p>Tuttavia, pare ci sia un\u2019eccezione: l\u2019Associazione Nazionale Magistrati (ANM) \u2013 associazione libera che rappresenta i magistrati \u2013 potr\u00e0 realizzare un intervento durante la cerimonia. Una decisione che non \u00e8 andata gi\u00f9 ai penalisti di Camera Penale, che hanno annunciato lo stato di agitazione.<div id=\"videoincontent\" style=\"clear:both\";><\/div><\/p>\n\n\n\n<p>\u201cIl direttivo della Camera Penale \u201cP. Pisani \u2013 G. Amendolia\u201d di Messina, &#8211; si legge in una nota a firma del presidente Candido Bonaventura &#8211; considerata intollerabile la decisione di ammettere al dibattito ANM e di escludere Camera Penale, delibera di declinare l\u2019invito evidentemente rivolto solo per ragioni protocollari, non partecipando dunque alla cerimonia di inaugurazione dell\u2019anno giudiziario.<\/p>\n\n\n\n<p>\u201cIl direttivo proclama lo stato di agitazione e si riserva, in mancanza di spiegazioni, di valutare l\u2019adozione di pi\u00f9 incisive iniziative anche al fine di far comprendere all\u2019opinione pubblica che nell\u2019ambito della giurisdizione il ruolo dell\u2019avvocato non \u00e8 secondo a quello di nessun\u2019altro\u201d.<\/p>\n\n\n\n<p><strong>Unione Italiana Forense: &#8220;Massima solidariet\u00e0 alla Camera Penale&#8221;.<\/strong> L\u2019Unione Italiana Forense (UIF) del Distretto di Corte d\u2019Appello di Messina, presieduta da Ester Isaja, esprime &#8220;incondizionata solidariet\u00e0 alla Camera Penale di Messina \u201cP. Pisani \u2013 G. Amendolia\u201d, immotivatamente estromessa dalla possibilit\u00e0, espressamente prevista dalla legge, di intervenire alla cerimonia di inaugurazione dell\u2019anno giudiziario del 28 gennaio. <\/p>\n\n\n\n<p>&#8220;Condividiamo in pieno le motivazioni della sua vibrata protesta, soprattutto alla luce dell\u2019invece previsto e programmato intervento dell\u2019Associazione Nazionale Magistrati, priva di qualsiasi veste istituzionale&#8221;.<\/p>\n","protected":false},"excerpt":{"rendered":"<p>Scoppia la protesta degli avvocati penalisti iscritti alla Camera Penale Pisani \u2013 Amendolia di Messina. La ragione \u00e8 l\u2019esclusione della Camera Penale dal dibattito durante l\u2019inaugurazione dell\u2019anno giudiziario, che si terr\u00e0 oggi al Palazzo di Giustizia. Per ragioni di tempo, infatti, solo i cosiddetti rappresentanti istituzionali potranno intervenire in presenza, mentre le altre componenti, in [&hellip;]<\/p>\n","protected":false},"author":8,"featured_media":43757,"comment_status":"open","ping_status":"open","sticky":false,"template":"","format":"standard","meta":{"ub_ctt_via":"","_mi_skip_tracking":false},"categories":[19],"tags":[6520,3179,6522],"featured_image_src":"https:\/\/www.messinaoggi.it\/website\/wp-content\/uploads\/2020\/05\/AA1E4CDA-45B7-411A-A6BC-004A7BB9240A.jpeg","author_info":{"display_name":"red..me","author_link":"https:\/\/www.messinaoggi.it\/website\/author\/redstage\/"},"digistream_id":0,"digistream":false,"_links":{"self":[{"href":"https:\/\/www.messinaoggi.it\/website\/wp-json\/wp\/v2\/posts\/139546"}],"collection":[{"href":"https:\/\/www.messinaoggi.it\/website\/wp-json\/wp\/v2\/posts"}],"about":[{"href":"https:\/\/www.messinaoggi.it\/website\/wp-json\/wp\/v2\/types\/post"}],"author":[{"embeddable":true,"href":"https:\/\/www.messinaoggi.it\/website\/wp-json\/wp\/v2\/users\/8"}],"replies":[{"embeddable":true,"href":"https:\/\/www.messinaoggi.it\/website\/wp-json\/wp\/v2\/comments?post=139546"}],"version-history":[{"count":4,"href":"https:\/\/www.messinaoggi.it\/website\/wp-json\/wp\/v2\/posts\/139546\/revisions"}],"predecessor-version":[{"id":179328,"href":"https:\/\/www.messinaoggi.it\/website\/wp-json\/wp\/v2\/posts\/139546\/revisions\/179328"}],"wp:featuredmedia":[{"embeddable":true,"href":"https:\/\/www.messinaoggi.it\/website\/wp-json\/wp\/v2\/media\/43757"}],"wp:attachment":[{"href":"https:\/\/www.messinaoggi.it\/website\/wp-json\/wp\/v2\/media?parent=139546"}],"wp:term":[{"taxonomy":"category","embeddable":true,"href":"https:\/\/www.messinaoggi.it\/website\/wp-json\/wp\/v2\/categories?post=139546"},{"taxonomy":"post_tag","embeddable":true,"href":"https:\/\/www.messinaoggi.it\/website\/wp-json\/wp\/v2\/tags?post=139546"}],"curies":[{"name":"wp","href":"https:\/\/api.w.org\/{rel}","templated":true}]}}