{"id":139524,"date":"2023-01-27T19:02:50","date_gmt":"2023-01-27T18:02:50","guid":{"rendered":"https:\/\/www.messinaoggi.it\/website\/2023\/01\/27\/le-novita-fiscali-della-legge-di-bilancio-esperti-a-confronto-a-palermo\/"},"modified":"2023-01-27T19:02:50","modified_gmt":"2023-01-27T18:02:50","slug":"le-novita-fiscali-della-legge-di-bilancio-esperti-a-confronto-a-palermo","status":"publish","type":"post","link":"https:\/\/www.messinaoggi.it\/website\/2023\/01\/27\/le-novita-fiscali-della-legge-di-bilancio-esperti-a-confronto-a-palermo\/","title":{"rendered":"Le novit\u00e0 fiscali della Legge di bilancio, esperti a confronto a Palermo"},"content":{"rendered":"<div>\n<p>PALERMO (ITALPRESS) \u2013 Coinvolgere un numero pi\u00f9 ampio possibile di contribuenti e imprese negli interventi fiscali agevolativi da una parte, semplificare il sistema normativo e realizzare riforme finalizzate a una tregua fiscale dall\u2019altra: questi gli obiettivi delineati dalla Camera degli Avvocati tributaristi e presentati in un\u2019iniziativa alla Camera di commercio Palermo ed Enna. Un insieme di misure che, specialmente per il capoluogo, diventano indispensabili per ripianare una situazione fiscale fortemente danneggiata dalle difficolt\u00e0 in tema di riscossione dei tributi.<br \/>Alla discussione hanno partecipato anche il sindaco Roberto Lagalla, il segretario generale della Camera di commercio Guido Barcellona, il presidente di Assoimpresa Mario Attinasi, il presidente dell\u2019Ordine degli avvocati di Palermo Dario Greco, il presidente dell\u2019Ordine dei consulenti di Palermo Antonio Alessi, il capo dell\u2019Ufficio contenzioso e riscossione alla direzione generale dell\u2019Agenzia delle entrate Marcello Chiorazzo e il rappresentante del Comando regionale della Guardia di finanza. Ad introdurre i lavori il professore Angelo Cuva, presidente della Camera degli Avvocati Tributaristi di Palermo e vicepresidente Uncat. <br \/>Al centro della kermesse le novit\u00e0 fiscali presentate dal Governo in legge di bilancio, contenenti una serie di norme di carattere agevolativo in fase sia di accertamento, sia di riscossione che di gestione dei contenziosi. Un insieme di provvedimenti che, secondo il presidente della Camera dei tributaristi Angelo Cuva, \u201cdevono essere accolti con favore, soprattutto perch\u00e8 ci troviamo in un contesto di gravi difficolt\u00e0 economiche causate della pandemia prima e della guerra in Ucraina poi. Tuttavia, il nostro auspicio \u00e8 che in futuro il profluvio normativo si arresti a vantaggio di una semplificazione e di un insieme di provvedimenti chiari e in numero esiguo\u201d. Le priorit\u00e0 indicate da Cuva sono due, \u201ccontrasto deciso all\u2019evasione fiscale e realizzazione di riforme tributarie legate all\u2019attuazione del Pnrr\u201d.<br \/>Il presidente della Camera dei tributaristi evidenzia poi le responsabilit\u00e0 degli Enti locali, Comuni in primis, nel compiere le dovute scelte in materia fiscale: \u201cL\u2019adesione alle misure agevolative non \u00e8 automatica, ma discrezionale \u2013 spiega -. Sar\u00e0 fondamentale anche il controllo da parte degli operatori a presidio della legalit\u00e0 fiscale, ovvero Agenzia delle entrate e Guardia di finanza, e il contributo che istituzioni professionali come avvocati e commercialisti possono dare a contribuenti e imprese, specialmente in un momento in cui il complesso di norme \u00e8 ancora un enorme groviglio\u201d.<br \/>Ma a Palermo l\u2019attuazione di misure agevolative si scontra con le difficolt\u00e0 del Comune in tema di riscossione: un problema che, per Lagalla, \u00e8 legato a \u201cun\u2019insufficienza cronica negli ultimi anni del processo di recupero dei tributi, alla quale il Comune deve necessariamente guardare, riferendosi anche alle novit\u00e0 introdotte dalla legislazione vigente e senza avere paura di assumere decisioni impopolari o comunque rischiose\u201d.<br \/>Una di queste potrebbe essere, qualora si decida di proseguire in tal senso, l\u2019affidamento della riscossione dei tributi a un ente esterno, come avvenuto a Napoli: \u201cSiamo maglia nera tra le 14 citt\u00e0 metropolitane d\u2019Italia in tema di riscossione \u2013 evidenzia il primo cittadino -. La mia amministrazione rischia di pagare per responsabilit\u00e0 non sue: se non arriva la scure dell\u2019accertamento \u00e8 inevitabile che il cittadino infranga la legge\u201d. <br \/>I numeri di Palermo, delineati dal sindaco, sono impietosi e vedono il recupero dei tributi fermo al 42-43%, al di sotto della media nazionale di circa venti punti percentuali. Un dato che si abbassa notevolmente se si tengono in considerazione le sole multe, la cui riscossione negli scorsi anni si aggirava intorno al 2%. \u201cL\u2019insufficienza di personale e l\u2019hackeraggio frequente dei sistemi operativi non possono costituire un alibi per un monitoraggio cos\u00ec incostante\u201d, conclude Lagalla. <br \/>foto xd8 Italpress<br \/>(ITALPRESS).<div id=\"div-gpt-ad-Messinaoggi.it-DSK-300x250-corpoart\" style=\"text-align:center;margin:0 auto;\"><\/div><\/p>\n<\/div>\n<div id=\"videoincontent\" style=\"clear:both\";><\/div>","protected":false},"excerpt":{"rendered":"<p>PALERMO (ITALPRESS) \u2013 Coinvolgere un numero pi\u00f9 ampio possibile di contribuenti e imprese negli interventi fiscali agevolativi da una parte, semplificare il sistema normativo e realizzare riforme finalizzate a una tregua fiscale dall\u2019altra: questi gli obiettivi delineati dalla Camera degli Avvocati tributaristi e presentati in un\u2019iniziativa alla Camera di commercio Palermo ed Enna. Un insieme [&hellip;]<\/p>\n","protected":false},"author":18,"featured_media":139525,"comment_status":"closed","ping_status":"closed","sticky":false,"template":"","format":"standard","meta":{"ub_ctt_via":"","_mi_skip_tracking":false},"categories":[2449],"tags":[783],"featured_image_src":"https:\/\/www.messinaoggi.it\/website\/wp-content\/uploads\/2023\/01\/20230127_1920.jpg","author_info":{"display_name":"Admin","author_link":"https:\/\/www.messinaoggi.it\/website\/author\/admin\/"},"digistream_id":0,"digistream":false,"_links":{"self":[{"href":"https:\/\/www.messinaoggi.it\/website\/wp-json\/wp\/v2\/posts\/139524"}],"collection":[{"href":"https:\/\/www.messinaoggi.it\/website\/wp-json\/wp\/v2\/posts"}],"about":[{"href":"https:\/\/www.messinaoggi.it\/website\/wp-json\/wp\/v2\/types\/post"}],"author":[{"embeddable":true,"href":"https:\/\/www.messinaoggi.it\/website\/wp-json\/wp\/v2\/users\/18"}],"replies":[{"embeddable":true,"href":"https:\/\/www.messinaoggi.it\/website\/wp-json\/wp\/v2\/comments?post=139524"}],"version-history":[{"count":0,"href":"https:\/\/www.messinaoggi.it\/website\/wp-json\/wp\/v2\/posts\/139524\/revisions"}],"wp:featuredmedia":[{"embeddable":true,"href":"https:\/\/www.messinaoggi.it\/website\/wp-json\/wp\/v2\/media\/139525"}],"wp:attachment":[{"href":"https:\/\/www.messinaoggi.it\/website\/wp-json\/wp\/v2\/media?parent=139524"}],"wp:term":[{"taxonomy":"category","embeddable":true,"href":"https:\/\/www.messinaoggi.it\/website\/wp-json\/wp\/v2\/categories?post=139524"},{"taxonomy":"post_tag","embeddable":true,"href":"https:\/\/www.messinaoggi.it\/website\/wp-json\/wp\/v2\/tags?post=139524"}],"curies":[{"name":"wp","href":"https:\/\/api.w.org\/{rel}","templated":true}]}}