{"id":13952,"date":"2018-01-05T12:21:24","date_gmt":"2018-01-05T11:21:24","guid":{"rendered":"http:\/\/www.messinaoggi.it\/website\/?p=13952"},"modified":"2018-01-05T12:21:24","modified_gmt":"2018-01-05T11:21:24","slug":"nibali-riparte-dallargentina-ormai-e-tradizione-una-sorta-di-portafortuna","status":"publish","type":"post","link":"https:\/\/www.messinaoggi.it\/website\/2018\/01\/05\/nibali-riparte-dallargentina-ormai-e-tradizione-una-sorta-di-portafortuna\/","title":{"rendered":"Nibali riparte dall&#039;Argentina: &quot;Ormai \u00e8 tradizione, una sorta di portafortuna&quot;"},"content":{"rendered":"<p>La nuova stagione di Vincenzo Nibali scatter\u00e0 domenica 21 gennaio in Argentina, con i gradi di capitano del team Bahrain Merida. Lo Squalo dello Stretto sar\u00e0 alla Vuelta di San Juan, corsa a tappe di una settimana, primo banco di prova in vista di una stagione che si annuncia intensa e che culminer\u00e0 con il Tour de France e il campionato mondiale in programma in Austria a settembre.<br \/>\n&#8220;Ormai \u00e8 una tradizione iniziare la stagione in Argentina &#8211; ha detto Vincenzo Nibali &#8211; ed \u00e8 una specie di portafortuna. Vincere la corsa sar\u00e0 difficile perch\u00e9 la mia forma fisica non \u00e8 ottimale, ma punto a vincere una tappa&#8221;. L&#8217;anno scorso il campione siciliano ha vinto il Giro di Lombardia ed \u00e8 stato secondo alla Vuelta di Spagna e terzo al Giro d&#8217;Italia.<br \/>\n&#8220;Sono felice, salire sul podio di due grandi giri e vincere il Lombardia non \u00e8 facile. E&#8217; stata una buona stagione&#8221;. Quest&#8217;anno Nibali non far\u00e0 il Giro d&#8217;Italia, ma punter\u00e0 soprattutto al Tour e ad alcune grandi classiche, fra cui la Liegi-Bastogne-Liegi.<div id=\"div-gpt-ad-Messinaoggi.it-DSK-300x250-corpoart\" style=\"text-align:center;margin:0 auto;\"><\/div><\/p>\n<div id=\"videoincontent\" style=\"clear:both\";><\/div>","protected":false},"excerpt":{"rendered":"<p>La nuova stagione di Vincenzo Nibali scatter\u00e0 domenica 21 gennaio in Argentina, con i gradi di capitano del team Bahrain Merida. Lo Squalo dello Stretto sar\u00e0 alla Vuelta di San Juan, corsa a tappe di una settimana, primo banco di prova in vista di una stagione che si annuncia intensa e che culminer\u00e0 con il [&hellip;]<\/p>\n","protected":false},"author":2,"featured_media":163,"comment_status":"closed","ping_status":"open","sticky":false,"template":"","format":"standard","meta":{"ub_ctt_via":"","_mi_skip_tracking":false},"categories":[8,9],"tags":[],"featured_image_src":"https:\/\/www.messinaoggi.it\/website\/wp-content\/uploads\/2017\/05\/giro-nibali-2.jpg","author_info":{"display_name":"Redazione","author_link":"https:\/\/www.messinaoggi.it\/website\/author\/redazione\/"},"digistream_id":0,"digistream":false,"_links":{"self":[{"href":"https:\/\/www.messinaoggi.it\/website\/wp-json\/wp\/v2\/posts\/13952"}],"collection":[{"href":"https:\/\/www.messinaoggi.it\/website\/wp-json\/wp\/v2\/posts"}],"about":[{"href":"https:\/\/www.messinaoggi.it\/website\/wp-json\/wp\/v2\/types\/post"}],"author":[{"embeddable":true,"href":"https:\/\/www.messinaoggi.it\/website\/wp-json\/wp\/v2\/users\/2"}],"replies":[{"embeddable":true,"href":"https:\/\/www.messinaoggi.it\/website\/wp-json\/wp\/v2\/comments?post=13952"}],"version-history":[{"count":0,"href":"https:\/\/www.messinaoggi.it\/website\/wp-json\/wp\/v2\/posts\/13952\/revisions"}],"wp:featuredmedia":[{"embeddable":true,"href":"https:\/\/www.messinaoggi.it\/website\/wp-json\/wp\/v2\/media\/163"}],"wp:attachment":[{"href":"https:\/\/www.messinaoggi.it\/website\/wp-json\/wp\/v2\/media?parent=13952"}],"wp:term":[{"taxonomy":"category","embeddable":true,"href":"https:\/\/www.messinaoggi.it\/website\/wp-json\/wp\/v2\/categories?post=13952"},{"taxonomy":"post_tag","embeddable":true,"href":"https:\/\/www.messinaoggi.it\/website\/wp-json\/wp\/v2\/tags?post=13952"}],"curies":[{"name":"wp","href":"https:\/\/api.w.org\/{rel}","templated":true}]}}