{"id":13949,"date":"2018-01-05T12:09:39","date_gmt":"2018-01-05T11:09:39","guid":{"rendered":"http:\/\/www.messinaoggi.it\/website\/?p=13949"},"modified":"2018-01-05T12:09:39","modified_gmt":"2018-01-05T11:09:39","slug":"la-corte-dei-conti-rimanda-i-bilanci-del-comune-cuzzola-scenario-vecchio-e-superato","status":"publish","type":"post","link":"https:\/\/www.messinaoggi.it\/website\/2018\/01\/05\/la-corte-dei-conti-rimanda-i-bilanci-del-comune-cuzzola-scenario-vecchio-e-superato\/","title":{"rendered":"La Corte dei Conti &quot;rimanda&quot; i bilanci del Comune, Cuzzola: &quot;Scenario vecchio e superato&quot;"},"content":{"rendered":"<p style=\"text-align: justify\">Quarantacinque pagine al vetriolo, trentadue osservazioni che rischiano di minare le basi economiche su cui poggia Palazzo Zanca. La Corte dei Conti regionale ci va gi\u00f9 duro, la delibera arrivata ieri a scosso il Comune, ma per l\u2019amministrazione non si tratta di un fulmine a ciel sereno.<div id=\"div-gpt-ad-Messinaoggi.it-DSK-300x250-corpoart\" style=\"text-align:center;margin:0 auto;\"><\/div><\/p>\n<p style=\"text-align: justify\">L\u2019udienza degli esponenti della Giunta \u00e8 stata effettuata lo scorso mese di ottobre, l\u2019atto risale al 28 dicembre, l\u2019organo contabile getta pi\u00f9 di un\u2019ombra sui bilanci Consuntivo 2015 e Previsionale 2016-18. Ma soprattutto si critica il continuo rimandare tutto ad un Piano di Riequilibrio gi\u00e0 pi\u00f9 volte ritoccato, ma ancora in attesa dl definitivo parere del Ministero.<div id=\"videoincontent\" style=\"clear:both\";><\/div><\/p>\n<p style=\"text-align: justify\">La stoccata finale \u00e8 arrivata sul concordato di Messinambiente, la Corte dei Conti mette in discussione l\u2019effettiva copertura finanziaria, soprattutto per quanto riguarda gli anni successivi al 2019. In pratica \u00e8 stato smontato pezzo per pezzo il castello su cui poggiano le basi economiche delle azioni amministrative della Giunta Accorinti.<\/p>\n<p style=\"text-align: justify\">L\u2019assessore al Bilancio, Enzo Cuzzola, si veste da pompiere e spiega: \u201c<em>Questo documento \u00e8 il frutto della nostra udienza di ottobre, non di dicembre. Ma soprattutto fa riferimento ad uno scenario vecchio, vale a dire quello tra il 2015 e il 2016. Da allora la situazione \u00e8 cambiata, il monte debitorio dell\u2019ente \u00e8 diminuito e adesso possiamo permetterci molte pi\u00f9 manovre rispetto al passato. Risponderemo alle osservazioni avanzate dalla Corte dei Conti, abbiamo sessanta giorni di tempo per presentarci in Consiglio Comunale\u201d.<\/em><\/p>\n<p style=\"text-align: justify\">Sul tema del Piano di Riequilibrio, Cuzzola lancia qualche stoccata alla Corte dei Conti: \u201c<em>Piaccia o non piaccia il Legislatore ha stabilito per una rimodulazione del Piano non pi\u00f9 su base decennale ma ventennale. Ci\u00f2 comporta che le spese per i debiti non saranno pi\u00f9 del 10 ma del 5%, questo far\u00e0 in modo ai Comuni di avere molto pi\u00f9 respiro. Per pagare debiti non si possono aumentare le tasse, ma diminuire le spese e grazie a questa manovra avremo le mani molto pi\u00f9 libere\u201d. <\/em><\/p>\n","protected":false},"excerpt":{"rendered":"<p>Quarantacinque pagine al vetriolo, trentadue osservazioni che rischiano di minare le basi economiche su cui poggia Palazzo Zanca. La Corte dei Conti regionale ci va gi\u00f9 duro, la delibera arrivata ieri a scosso il Comune, ma per l\u2019amministrazione non si tratta di un fulmine a ciel sereno. L\u2019udienza degli esponenti della Giunta \u00e8 stata effettuata [&hellip;]<\/p>\n","protected":false},"author":1,"featured_media":2166,"comment_status":"closed","ping_status":"open","sticky":false,"template":"","format":"standard","meta":{"ub_ctt_via":"","_mi_skip_tracking":false},"categories":[6],"tags":[],"featured_image_src":"https:\/\/www.messinaoggi.it\/website\/wp-content\/uploads\/2017\/06\/ass-cuzzola-bilancio9-3.jpg","author_info":{"display_name":"admin@admin.com","author_link":"https:\/\/www.messinaoggi.it\/website\/author\/adminadmin-com\/"},"digistream_id":0,"digistream":false,"_links":{"self":[{"href":"https:\/\/www.messinaoggi.it\/website\/wp-json\/wp\/v2\/posts\/13949"}],"collection":[{"href":"https:\/\/www.messinaoggi.it\/website\/wp-json\/wp\/v2\/posts"}],"about":[{"href":"https:\/\/www.messinaoggi.it\/website\/wp-json\/wp\/v2\/types\/post"}],"author":[{"embeddable":true,"href":"https:\/\/www.messinaoggi.it\/website\/wp-json\/wp\/v2\/users\/1"}],"replies":[{"embeddable":true,"href":"https:\/\/www.messinaoggi.it\/website\/wp-json\/wp\/v2\/comments?post=13949"}],"version-history":[{"count":0,"href":"https:\/\/www.messinaoggi.it\/website\/wp-json\/wp\/v2\/posts\/13949\/revisions"}],"wp:featuredmedia":[{"embeddable":true,"href":"https:\/\/www.messinaoggi.it\/website\/wp-json\/wp\/v2\/media\/2166"}],"wp:attachment":[{"href":"https:\/\/www.messinaoggi.it\/website\/wp-json\/wp\/v2\/media?parent=13949"}],"wp:term":[{"taxonomy":"category","embeddable":true,"href":"https:\/\/www.messinaoggi.it\/website\/wp-json\/wp\/v2\/categories?post=13949"},{"taxonomy":"post_tag","embeddable":true,"href":"https:\/\/www.messinaoggi.it\/website\/wp-json\/wp\/v2\/tags?post=13949"}],"curies":[{"name":"wp","href":"https:\/\/api.w.org\/{rel}","templated":true}]}}