{"id":13948,"date":"2018-01-05T12:01:47","date_gmt":"2018-01-05T11:01:47","guid":{"rendered":"http:\/\/www.messinaoggi.it\/website\/?p=13948"},"modified":"2018-01-05T12:01:47","modified_gmt":"2018-01-05T11:01:47","slug":"elvira-amata-lascia-il-consiglio-comunale-faccio-un-passo-indietro-con-dispiacere","status":"publish","type":"post","link":"https:\/\/www.messinaoggi.it\/website\/2018\/01\/05\/elvira-amata-lascia-il-consiglio-comunale-faccio-un-passo-indietro-con-dispiacere\/","title":{"rendered":"Elvira Amata lascia il Consiglio comunale: &quot;Faccio un passo indietro con dispiacere&quot;"},"content":{"rendered":"<p>&#8220;E&#8217; stata una decisione sofferta, ma non posso fare altrimenti\u201d, cos\u00ec la deputata regionale di Fratelli d\u2019Italia, Elvira Amata, che annuncia le sue dimissioni da consigliere comunale. \u201cAvevo sperato di riuscire a conciliare i ruoli in modo pieno ma, queste prime settimane mi hanno fatta ricredere.<br \/>\nA Palermo stiamo vivendo la prima e difficilissima fase tipica dell\u2019inizio di un nuovo percorso. Ugualmente, a Messina, sono complessi e concitati questi ultimi mesi di consiliatura che ci separano dalle prossime amministrative. E, nonostante mi pesi enormemente lasciare il mio posto in seno al consesso cittadino, ruolo al quale sono sinceramente legata e che ho affrontato sempre con massima seriet\u00e0, so che \u00e8 la scelta pi\u00f9 giusta in rispetto ai messinesi e alla citt\u00e0.<br \/>\nUna citt\u00e0 che, oggi pi\u00f9 che mai, necessita di una tutela immensa da parte delle opposizioni al lavoro scellerato di un\u2019Amministrazione inadeguata. Essere rappresentante della gente \u00e8 un onore, ma anche un onere da rivestire con il massimo impegno e non voglio rischiare di non portarlo avanti al meglio delle mie possibilit\u00e0. Per queste ragioni, con umilt\u00e0 e-ammetto-dispiacere, devo fare un passo indietro.<br \/>\nIn aula, Fratelli d\u2019Italia continuer\u00e0 ad essere rappresentato dalla collega e capogruppo Daniela Faranda insieme alla quale il lavoro sinergico che collega l\u2019aula consiliare all\u2019Ars \u00e8 gi\u00e0 avviato e rodato. Sono certa che i cittadini comprenderanno le mie ragioni\u201d.<div id=\"div-gpt-ad-Messinaoggi.it-DSK-300x250-corpoart\" style=\"text-align:center;margin:0 auto;\"><\/div><\/p>\n<div id=\"videoincontent\" style=\"clear:both\";><\/div>","protected":false},"excerpt":{"rendered":"<p>&#8220;E&#8217; stata una decisione sofferta, ma non posso fare altrimenti\u201d, cos\u00ec la deputata regionale di Fratelli d\u2019Italia, Elvira Amata, che annuncia le sue dimissioni da consigliere comunale. \u201cAvevo sperato di riuscire a conciliare i ruoli in modo pieno ma, queste prime settimane mi hanno fatta ricredere. A Palermo stiamo vivendo la prima e difficilissima fase [&hellip;]<\/p>\n","protected":false},"author":2,"featured_media":1680,"comment_status":"closed","ping_status":"open","sticky":false,"template":"","format":"standard","meta":{"ub_ctt_via":"","_mi_skip_tracking":false},"categories":[4],"tags":[],"featured_image_src":"https:\/\/www.messinaoggi.it\/website\/wp-content\/uploads\/2017\/06\/Amata-1-2.jpg","author_info":{"display_name":"Redazione","author_link":"https:\/\/www.messinaoggi.it\/website\/author\/redazione\/"},"digistream_id":0,"digistream":false,"_links":{"self":[{"href":"https:\/\/www.messinaoggi.it\/website\/wp-json\/wp\/v2\/posts\/13948"}],"collection":[{"href":"https:\/\/www.messinaoggi.it\/website\/wp-json\/wp\/v2\/posts"}],"about":[{"href":"https:\/\/www.messinaoggi.it\/website\/wp-json\/wp\/v2\/types\/post"}],"author":[{"embeddable":true,"href":"https:\/\/www.messinaoggi.it\/website\/wp-json\/wp\/v2\/users\/2"}],"replies":[{"embeddable":true,"href":"https:\/\/www.messinaoggi.it\/website\/wp-json\/wp\/v2\/comments?post=13948"}],"version-history":[{"count":0,"href":"https:\/\/www.messinaoggi.it\/website\/wp-json\/wp\/v2\/posts\/13948\/revisions"}],"wp:featuredmedia":[{"embeddable":true,"href":"https:\/\/www.messinaoggi.it\/website\/wp-json\/wp\/v2\/media\/1680"}],"wp:attachment":[{"href":"https:\/\/www.messinaoggi.it\/website\/wp-json\/wp\/v2\/media?parent=13948"}],"wp:term":[{"taxonomy":"category","embeddable":true,"href":"https:\/\/www.messinaoggi.it\/website\/wp-json\/wp\/v2\/categories?post=13948"},{"taxonomy":"post_tag","embeddable":true,"href":"https:\/\/www.messinaoggi.it\/website\/wp-json\/wp\/v2\/tags?post=13948"}],"curies":[{"name":"wp","href":"https:\/\/api.w.org\/{rel}","templated":true}]}}