{"id":139460,"date":"2023-01-27T12:47:51","date_gmt":"2023-01-27T11:47:51","guid":{"rendered":"https:\/\/www.messinaoggi.it\/website\/2023\/01\/27\/a-palermo-cerimonia-per-la-shoah-lagalla-la-memoria-rimanga-viva\/"},"modified":"2023-01-27T12:47:51","modified_gmt":"2023-01-27T11:47:51","slug":"a-palermo-cerimonia-per-la-shoah-lagalla-la-memoria-rimanga-viva","status":"publish","type":"post","link":"https:\/\/www.messinaoggi.it\/website\/2023\/01\/27\/a-palermo-cerimonia-per-la-shoah-lagalla-la-memoria-rimanga-viva\/","title":{"rendered":"A Palermo cerimonia per la Shoah, Lagalla \u201cLa memoria rimanga viva\u201d"},"content":{"rendered":"<div>\n<p>PALERMO (ITALPRESS) \u2013 \u201cIl senso di questa giornata \u00e8 quello di ripercorrere gli orrori del passato affinch\u00e8 la memoria di quei terribili anni rimanga viva e guidi l\u2019azione di ciascuno di noi affinch\u00e8 nulla di simile possa mai ripetersi. E\u2019 compito delle istituzioni vigilare sull insinuarsi di sentimenti razziali nelle nostre comunit\u00e0, soprattutto nelle giovani generazioni pi\u00f9 vulnerabili ed esposte alle trappole culturali del web e fare in modo che ci\u00f2 che i principi di uguaglianza stabiliti dalla Costituzione siano valorizzati nel percorso educativo e formativo dei nostri ragazzi\u201d. Lo ha dichiarato il sindaco di Palermo Roberto Lagalla in occasione delle manifestazioni per la Giornata della Memoria. <div id=\"div-gpt-ad-Messinaoggi.it-DSK-300x250-corpoart\" style=\"text-align:center;margin:0 auto;\"><\/div><\/p>\n<p>\u2013 foto: ufficio stampa Comune di Palermo <div id=\"videoincontent\" style=\"clear:both\";><\/div><\/p>\n<p>(ITALPRESS).<\/p>\n<\/div>\n","protected":false},"excerpt":{"rendered":"<p>PALERMO (ITALPRESS) \u2013 \u201cIl senso di questa giornata \u00e8 quello di ripercorrere gli orrori del passato affinch\u00e8 la memoria di quei terribili anni rimanga viva e guidi l\u2019azione di ciascuno di noi affinch\u00e8 nulla di simile possa mai ripetersi. E\u2019 compito delle istituzioni vigilare sull insinuarsi di sentimenti razziali nelle nostre comunit\u00e0, soprattutto nelle giovani [&hellip;]<\/p>\n","protected":false},"author":18,"featured_media":139461,"comment_status":"closed","ping_status":"closed","sticky":false,"template":"","format":"standard","meta":{"ub_ctt_via":"","_mi_skip_tracking":false},"categories":[2449],"tags":[783],"featured_image_src":"https:\/\/www.messinaoggi.it\/website\/wp-content\/uploads\/2023\/01\/20230127_0572.jpg","author_info":{"display_name":"Admin","author_link":"https:\/\/www.messinaoggi.it\/website\/author\/admin\/"},"digistream_id":0,"digistream":false,"_links":{"self":[{"href":"https:\/\/www.messinaoggi.it\/website\/wp-json\/wp\/v2\/posts\/139460"}],"collection":[{"href":"https:\/\/www.messinaoggi.it\/website\/wp-json\/wp\/v2\/posts"}],"about":[{"href":"https:\/\/www.messinaoggi.it\/website\/wp-json\/wp\/v2\/types\/post"}],"author":[{"embeddable":true,"href":"https:\/\/www.messinaoggi.it\/website\/wp-json\/wp\/v2\/users\/18"}],"replies":[{"embeddable":true,"href":"https:\/\/www.messinaoggi.it\/website\/wp-json\/wp\/v2\/comments?post=139460"}],"version-history":[{"count":0,"href":"https:\/\/www.messinaoggi.it\/website\/wp-json\/wp\/v2\/posts\/139460\/revisions"}],"wp:featuredmedia":[{"embeddable":true,"href":"https:\/\/www.messinaoggi.it\/website\/wp-json\/wp\/v2\/media\/139461"}],"wp:attachment":[{"href":"https:\/\/www.messinaoggi.it\/website\/wp-json\/wp\/v2\/media?parent=139460"}],"wp:term":[{"taxonomy":"category","embeddable":true,"href":"https:\/\/www.messinaoggi.it\/website\/wp-json\/wp\/v2\/categories?post=139460"},{"taxonomy":"post_tag","embeddable":true,"href":"https:\/\/www.messinaoggi.it\/website\/wp-json\/wp\/v2\/tags?post=139460"}],"curies":[{"name":"wp","href":"https:\/\/api.w.org\/{rel}","templated":true}]}}