{"id":139427,"date":"2023-01-27T09:37:51","date_gmt":"2023-01-27T08:37:51","guid":{"rendered":"http:\/\/www.messinaoggi.it\/website\/?p=139427"},"modified":"2023-01-27T09:37:52","modified_gmt":"2023-01-27T08:37:52","slug":"sicilia-vera-al-via-campagna-tesseramenti-a-catania","status":"publish","type":"post","link":"https:\/\/www.messinaoggi.it\/website\/2023\/01\/27\/sicilia-vera-al-via-campagna-tesseramenti-a-catania\/","title":{"rendered":"Sicilia Vera, al via campagna tesseramenti a Catania"},"content":{"rendered":"\n<p>Al via oggi da Catania la campagna di tesseramento al movimento Sicilia Vera-Sud chiama Nord.\u00a0<div id=\"div-gpt-ad-Messinaoggi.it-DSK-300x250-corpoart\" style=\"text-align:center;margin:0 auto;\"><\/div><\/p>\n\n\n\n<p>Conferenza stampa  al Caf\u00e8 Prestipino, via Etnea n.38. Alle 17:30 prevista un\u2019assemblea presso l\u2019Airport Hotel, via San Giuseppe La Rena n.94.<br>Domani, sabato 28 gennaio, invece l\u2019appuntamento \u00e8 a Enna. Alle 10 conferenza stampa al Caff\u00e8 Roma, via Roma 312.<div id=\"videoincontent\" style=\"clear:both\";><\/div><\/p>\n\n\n\n<p> Seguir\u00e0 l\u2019assemblea alle 16:30 presso l\u2019Hotel Federico Secondo II, st. Vicinale Salerno.<\/p>\n","protected":false},"excerpt":{"rendered":"<p>Al via oggi da Catania la campagna di tesseramento al movimento Sicilia Vera-Sud chiama Nord.\u00a0 Conferenza stampa al Caf\u00e8 Prestipino, via Etnea n.38. Alle 17:30 prevista un\u2019assemblea presso l\u2019Airport Hotel, via San Giuseppe La Rena n.94.Domani, sabato 28 gennaio, invece l\u2019appuntamento \u00e8 a Enna. Alle 10 conferenza stampa al Caff\u00e8 Roma, via Roma 312. Seguir\u00e0 [&hellip;]<\/p>\n","protected":false},"author":2,"featured_media":17030,"comment_status":"open","ping_status":"open","sticky":false,"template":"","format":"standard","meta":{"ub_ctt_via":"","_mi_skip_tracking":false},"categories":[11],"tags":[456,126,4862,6514,6515],"featured_image_src":"https:\/\/www.messinaoggi.it\/website\/wp-content\/uploads\/2018\/03\/Cateno-De-Luca-a-Messina-10-696x461-2.jpg","author_info":{"display_name":"Redazione","author_link":"https:\/\/www.messinaoggi.it\/website\/author\/redazione\/"},"digistream_id":0,"digistream":false,"_links":{"self":[{"href":"https:\/\/www.messinaoggi.it\/website\/wp-json\/wp\/v2\/posts\/139427"}],"collection":[{"href":"https:\/\/www.messinaoggi.it\/website\/wp-json\/wp\/v2\/posts"}],"about":[{"href":"https:\/\/www.messinaoggi.it\/website\/wp-json\/wp\/v2\/types\/post"}],"author":[{"embeddable":true,"href":"https:\/\/www.messinaoggi.it\/website\/wp-json\/wp\/v2\/users\/2"}],"replies":[{"embeddable":true,"href":"https:\/\/www.messinaoggi.it\/website\/wp-json\/wp\/v2\/comments?post=139427"}],"version-history":[{"count":1,"href":"https:\/\/www.messinaoggi.it\/website\/wp-json\/wp\/v2\/posts\/139427\/revisions"}],"predecessor-version":[{"id":139428,"href":"https:\/\/www.messinaoggi.it\/website\/wp-json\/wp\/v2\/posts\/139427\/revisions\/139428"}],"wp:featuredmedia":[{"embeddable":true,"href":"https:\/\/www.messinaoggi.it\/website\/wp-json\/wp\/v2\/media\/17030"}],"wp:attachment":[{"href":"https:\/\/www.messinaoggi.it\/website\/wp-json\/wp\/v2\/media?parent=139427"}],"wp:term":[{"taxonomy":"category","embeddable":true,"href":"https:\/\/www.messinaoggi.it\/website\/wp-json\/wp\/v2\/categories?post=139427"},{"taxonomy":"post_tag","embeddable":true,"href":"https:\/\/www.messinaoggi.it\/website\/wp-json\/wp\/v2\/tags?post=139427"}],"curies":[{"name":"wp","href":"https:\/\/api.w.org\/{rel}","templated":true}]}}