{"id":139362,"date":"2023-01-26T18:07:56","date_gmt":"2023-01-26T17:07:56","guid":{"rendered":"https:\/\/www.messinaoggi.it\/website\/2023\/01\/26\/ucraina-crosetto-dallitalia-solo-armi-difensive\/"},"modified":"2023-01-26T18:07:56","modified_gmt":"2023-01-26T17:07:56","slug":"ucraina-crosetto-dallitalia-solo-armi-difensive","status":"publish","type":"post","link":"https:\/\/www.messinaoggi.it\/website\/2023\/01\/26\/ucraina-crosetto-dallitalia-solo-armi-difensive\/","title":{"rendered":"Ucraina, Crosetto \u201cDall\u2019Italia solo armi difensive\u201d"},"content":{"rendered":"<div>ROMA (ITALPRESS) &#8211; &#8220;Come sto cercando di dire da mesi, l&#8217;Italia invier\u00e0 le armi per difendersi. Noi ci siamo resi disponibili a dare delle armi che consentano agli ucraini di abbattere i missili prima che arrivino al suolo, mi pare una cosa difficilmente criticabile&#8221;. Lo ha detto il ministro della Difesa, Guido Crosetto, a &#8220;L&#8217;aria che tira&#8221; su La7 parlando degli aiuti militari all&#8217;Ucraina.<br \/>&#8220;Questa mattina leggo il solito attacco al ministro della Difesa, come se il nostro decreto aumenti il rischio perch\u00e8 diamo armi pi\u00f9 potenti all&#8217;Ucraina &#8211; ha aggiunto -. Questo \u00e8 l&#8217;unico decreto che contiene solo armi difensive, poi anche dei gruppi elettrogeni per superare l&#8217;inverno. Con criteri totalmente pacifisti che dovrebbero far s\u00ec che questo sia un decreto del tutto inattaccabile&#8221;. E sulle ultime iniziative della Russia: &#8220;I carri armati che altre nazioni daranno sono conseguenze dell&#8217;azione territoriale pesante di Mosca, con svariate truppe che entreranno nel territorio ucraino e cercheranno di riprendere l&#8217;attacco e la conquista dell&#8217;Ucraina &#8211; ha concluso -. Proprio a fronte di questa intenzione russa, l&#8217;Ucraina ha cambiato le sue richieste e ha chiesto mezzi per difendersi da questo attacco&#8221;.<div id=\"div-gpt-ad-Messinaoggi.it-DSK-300x250-corpoart\" style=\"text-align:center;margin:0 auto;\"><\/div><\/p>\n<p>&#8211; foto Agenziafotogramma.it &#8211;<div id=\"videoincontent\" style=\"clear:both\";><\/div><\/p>\n<p>(ITALPRESS).<\/p><\/div>\n","protected":false},"excerpt":{"rendered":"<p>ROMA (ITALPRESS) &#8211; &#8220;Come sto cercando di dire da mesi, l&#8217;Italia invier\u00e0 le armi per difendersi. Noi ci siamo resi disponibili a dare delle armi che consentano agli ucraini di abbattere i missili prima che arrivino al suolo, mi pare una cosa difficilmente criticabile&#8221;. Lo ha detto il ministro della Difesa, Guido Crosetto, a &#8220;L&#8217;aria [&hellip;]<\/p>\n","protected":false},"author":18,"featured_media":139363,"comment_status":"closed","ping_status":"closed","sticky":false,"template":"","format":"standard","meta":{"ub_ctt_via":"","_mi_skip_tracking":false},"categories":[446],"tags":[783],"featured_image_src":"https:\/\/www.messinaoggi.it\/website\/wp-content\/uploads\/2023\/01\/20230126_2252.jpg","author_info":{"display_name":"Admin","author_link":"https:\/\/www.messinaoggi.it\/website\/author\/admin\/"},"digistream_id":0,"digistream":false,"_links":{"self":[{"href":"https:\/\/www.messinaoggi.it\/website\/wp-json\/wp\/v2\/posts\/139362"}],"collection":[{"href":"https:\/\/www.messinaoggi.it\/website\/wp-json\/wp\/v2\/posts"}],"about":[{"href":"https:\/\/www.messinaoggi.it\/website\/wp-json\/wp\/v2\/types\/post"}],"author":[{"embeddable":true,"href":"https:\/\/www.messinaoggi.it\/website\/wp-json\/wp\/v2\/users\/18"}],"replies":[{"embeddable":true,"href":"https:\/\/www.messinaoggi.it\/website\/wp-json\/wp\/v2\/comments?post=139362"}],"version-history":[{"count":0,"href":"https:\/\/www.messinaoggi.it\/website\/wp-json\/wp\/v2\/posts\/139362\/revisions"}],"wp:featuredmedia":[{"embeddable":true,"href":"https:\/\/www.messinaoggi.it\/website\/wp-json\/wp\/v2\/media\/139363"}],"wp:attachment":[{"href":"https:\/\/www.messinaoggi.it\/website\/wp-json\/wp\/v2\/media?parent=139362"}],"wp:term":[{"taxonomy":"category","embeddable":true,"href":"https:\/\/www.messinaoggi.it\/website\/wp-json\/wp\/v2\/categories?post=139362"},{"taxonomy":"post_tag","embeddable":true,"href":"https:\/\/www.messinaoggi.it\/website\/wp-json\/wp\/v2\/tags?post=139362"}],"curies":[{"name":"wp","href":"https:\/\/api.w.org\/{rel}","templated":true}]}}