{"id":139328,"date":"2023-01-26T17:07:51","date_gmt":"2023-01-26T16:07:51","guid":{"rendered":"https:\/\/www.messinaoggi.it\/website\/2023\/01\/26\/tajani-i-balcani-rappresentano-una-priorita-per-il-governo-italiano\/"},"modified":"2023-01-26T17:07:51","modified_gmt":"2023-01-26T16:07:51","slug":"tajani-i-balcani-rappresentano-una-priorita-per-il-governo-italiano","status":"publish","type":"post","link":"https:\/\/www.messinaoggi.it\/website\/2023\/01\/26\/tajani-i-balcani-rappresentano-una-priorita-per-il-governo-italiano\/","title":{"rendered":"Tajani \u201cI Balcani rappresentano una priorit\u00e0 per il governo italiano\u201d"},"content":{"rendered":"<div>ROMA (ITALPRESS) &#8211; &#8220;Quello della situazione nei Balcani \u00e8 un tema che rappresenta una priorit\u00e0 per il governo italiano, i Balcani sono una realt\u00e0 forse non seguita con la dovuta attenzione e intensit\u00e0. I Balcani ormai sono strategici per il nostro interesse nazionale, il nostro destino \u00e8 sempre stato legato a quello del nostro dirimpettaio, occorre favorire una stabilizzazione di quella parte d&#8217;Europa&#8221;. Lo ha detto il ministro degli affari esteri e della cooperazione internazionale, Antonio Tajani, in audizione presso le commissioni riunite Affari esteri Camera e Affari esteri e difesa Senato in merito alla situazione nei Balcani occidentali: &#8220;E&#8217; una regione soggetta a una competizione geopolitica, attori come Russia, Cina, Turchia e Arabia Saudita cercano di guadagnare spazi importanti, una dinamica che non deve lasciarci indifferenti &#8211; ha aggiunto il vicepresidente del consiglio &#8211; Ai Balcani ci legano geografia, storia, cultura, giochiamo in casa ma non diamo nulla per scontato. Il senso di appartenenza ai valori europei dei Balcani non deve vacillare &#8211; ha concluso &#8211; Dobbiamo fornire segnali concreti, vogliamo esserci e giocare una partita da protagonisti&#8221;.<br \/>-foto agenziafotogramma.it-<br \/>(ITALPRESS).<\/div>\n<div id=\"div-gpt-ad-Messinaoggi.it-DSK-300x250-corpoart\" style=\"text-align:center;margin:0 auto;\"><\/div><\/p><div id=\"videoincontent\" style=\"clear:both\";><\/div>","protected":false},"excerpt":{"rendered":"<p>ROMA (ITALPRESS) &#8211; &#8220;Quello della situazione nei Balcani \u00e8 un tema che rappresenta una priorit\u00e0 per il governo italiano, i Balcani sono una realt\u00e0 forse non seguita con la dovuta attenzione e intensit\u00e0. I Balcani ormai sono strategici per il nostro interesse nazionale, il nostro destino \u00e8 sempre stato legato a quello del nostro dirimpettaio, [&hellip;]<\/p>\n","protected":false},"author":18,"featured_media":139329,"comment_status":"closed","ping_status":"closed","sticky":false,"template":"","format":"standard","meta":{"ub_ctt_via":"","_mi_skip_tracking":false},"categories":[446],"tags":[783],"featured_image_src":"https:\/\/www.messinaoggi.it\/website\/wp-content\/uploads\/2023\/01\/20230126_2044-300x207-1.jpg","author_info":{"display_name":"Admin","author_link":"https:\/\/www.messinaoggi.it\/website\/author\/admin\/"},"digistream_id":0,"digistream":false,"_links":{"self":[{"href":"https:\/\/www.messinaoggi.it\/website\/wp-json\/wp\/v2\/posts\/139328"}],"collection":[{"href":"https:\/\/www.messinaoggi.it\/website\/wp-json\/wp\/v2\/posts"}],"about":[{"href":"https:\/\/www.messinaoggi.it\/website\/wp-json\/wp\/v2\/types\/post"}],"author":[{"embeddable":true,"href":"https:\/\/www.messinaoggi.it\/website\/wp-json\/wp\/v2\/users\/18"}],"replies":[{"embeddable":true,"href":"https:\/\/www.messinaoggi.it\/website\/wp-json\/wp\/v2\/comments?post=139328"}],"version-history":[{"count":0,"href":"https:\/\/www.messinaoggi.it\/website\/wp-json\/wp\/v2\/posts\/139328\/revisions"}],"wp:featuredmedia":[{"embeddable":true,"href":"https:\/\/www.messinaoggi.it\/website\/wp-json\/wp\/v2\/media\/139329"}],"wp:attachment":[{"href":"https:\/\/www.messinaoggi.it\/website\/wp-json\/wp\/v2\/media?parent=139328"}],"wp:term":[{"taxonomy":"category","embeddable":true,"href":"https:\/\/www.messinaoggi.it\/website\/wp-json\/wp\/v2\/categories?post=139328"},{"taxonomy":"post_tag","embeddable":true,"href":"https:\/\/www.messinaoggi.it\/website\/wp-json\/wp\/v2\/tags?post=139328"}],"curies":[{"name":"wp","href":"https:\/\/api.w.org\/{rel}","templated":true}]}}