{"id":139326,"date":"2023-01-26T16:07:56","date_gmt":"2023-01-26T15:07:56","guid":{"rendered":"https:\/\/www.messinaoggi.it\/website\/2023\/01\/26\/milano-bicocca-un-anno-di-cultura-e-scienza-per-il-25-anniversario\/"},"modified":"2023-01-26T16:07:56","modified_gmt":"2023-01-26T15:07:56","slug":"milano-bicocca-un-anno-di-cultura-e-scienza-per-il-25-anniversario","status":"publish","type":"post","link":"https:\/\/www.messinaoggi.it\/website\/2023\/01\/26\/milano-bicocca-un-anno-di-cultura-e-scienza-per-il-25-anniversario\/","title":{"rendered":"Milano-Bicocca, un anno di cultura e scienza per il 25\u00b0 anniversario"},"content":{"rendered":"<div>MILANO (ITALPRESS) &#8211; Ambiente, salute, arte ma anche intelligenza artificiale, inclusione e legalit\u00e0. Sono alcuni dei temi al centro del ricco calendario di eventi che l&#8217;Universit\u00e0 di Milano-Bicocca organizza per celebrare il suo 25esimo compleanno.<br \/>\nTante iniziative e attivit\u00e0 aperte a tutti e preziose occasioni per conoscere da vicino i &#8220;big&#8221; del panorama culturale e scientifico italiano e internazionale.<br \/>\nSi parte marted\u00ec 31 gennaio con il workshop sulle nuove sfide che l&#8217;Europa \u00e8 chiamata ad affrontare tra ritorno dell&#8217;inflazione e crisi energetica. Tra gli ospiti, Michael Spence (NYU, Bocconi), Premio Nobel per l&#8217;economia nel 2001 insieme a Joseph E. Stiglitz e George A. Akerlof &#8220;per le loro analisi dei mercati con informazione asimmetrica&#8221;.<br \/>\nLaboratori scientifici per adulti e bambini, concerti, mostre, spettacoli teatrali e tanti altri appuntamenti sono attesi per i prossimi mesi.<br \/>\nDal 15 al 17 febbraio si terranno i B.Inclusion Days &#8211; Traiettorie, tre giorni dedicati alla didattica inclusiva presente e futura.<br \/>\nIl 20 aprile, con &#8220;Amazing physics&#8221;, sar\u00e0 l&#8217;occasione per avvicinarsi alla fisica in modo non convenzionale: tra le tante iniziative in programma uno spettacolo di magia quantistica e incontri per conoscere le storie dei ricercatori.<br \/>\nMentre il 15 maggio l&#8217;Ateneo ospiter\u00e0 Bernard Lucas Feringa, Nobel per la Chimica nel 2016, con una lectio magistralis in occasione della giornata dedicata al futuro smart e sostenibile.<br \/>\nPrabhakar Raghavan, senior vice president di Google, terr\u00e0 una lectio magistralis sui temi dell&#8217;intelligenza artificiale il 29 maggio.<br \/>\nIl 12 giugno una festa dedicata a tutta la comunit\u00e0 accademica, che vedr\u00e0 ospite un volto noto dello spettacolo, segner\u00e0 il quarto di secolo dell&#8217;Universit\u00e0 e passer\u00e0 il testimone alla seconda edizione del Bicocca Music Festival.<br \/>\nIl 21 giugno sar\u00e0 ospite dell&#8217;Ateneo il padre della medicina evoluzionistica, Randolph Nesse.<br \/>\nIl 9 ottobre verr\u00e0 svelata l&#8217;installazione che riproduce &#8220;Il Quarto Stato&#8221;, il dipinto di Giuseppe Pellizza da Volpedo, affiancata da un percorso di approfondimento che mostrer\u00e0 i risultati del progetto di ricerca dedicato alla cura e alla valorizzazione dell&#8217;opera.<br \/>\n&#8220;Questa ricorrenza mi offre l&#8217;opportunit\u00e0 di esprimere la mia gratitudine a tutte le componenti della nostra comunit\u00e0 accademica: studenti, docenti, ricercatori e dipendenti.<br \/>\nGrazie al lavoro di tutti, in soli 25 anni Milano-Bicocca si \u00e8 affermata come punto di riferimento per l&#8217;innovazione culturale e scientifica in diversi campi del sapere &#8211; ha dichiarato la rettrice Giovanna Iannantuoni -. Nel corso della sua giovane storia, l&#8217;Ateneo ha saputo creare forti connessioni sul piano nazionale e internazionale, attraverso partnership pubbliche e private, con l&#8217;intento di migliorare costantemente la qualit\u00e0 della ricerca e della didattica&#8221;.<br \/>\nEra il 10 giugno del 1998 quando con un decreto ministeriale fu istituita la &#8220;Seconda Universit\u00e0 degli Studi di Milano&#8221;, che prese il nome di Universit\u00e0 di Milano-Bicocca con un successivo decreto del 12 marzo 1999.<br \/>\nL&#8217;Ateneo oggi conta oltre 37 mila studenti. Pi\u00f9 di 1180 sono i professori e i ricercatori impegnati nell&#8217;erogazione della didattica (73 corsi di laurea, 19 corsi di dottorato e un&#8217;ampia offerta formativa post laurea) e nella ricerca di base, applicata e di frontiera con oltre 300 progetti nazionali e internazionali. A tutto questo lavorano quotidianamente anche 843 dipendenti nei due poli di Milano e di Monza, dove ha sede il dipartimento di Medicina e chirurgia.<br \/>\nMilano-Bicocca, inoltre, \u00e8 ente capofila di MUSA, il progetto di rigenerazione urbana finanziato dal PNRR che coinvolge quattro atenei milanesi e numerosi soggetti pubblici e privati.<br \/>\nIl campus oggi si estende su una superficie di 144 mila metri quadri, comprensivi di aule multimediali, laboratori e centri di ricerca altamente tecnologici, residenze universitarie, uno stadium con campo sportivo polivalente e un vivaio per la cura e la valorizzazione della biodiversit\u00e0.<br \/>\nCon l&#8217;inaugurazione dell&#8217;anno accademico 2022-2023 &#8211; evento di apertura delle celebrazioni del venticinquennale &#8211; \u00e8 stato presentato il piano per un campus a zero emissioni che punta allo sfruttamento dell&#8217;energia geotermica del sottosuolo in combinazione con il fotovoltaico per la produzione di energia pulita.<br \/>\nIl programma delle iniziative (in aggiornamento) \u00e8 disponibile sul sito d&#8217;Ateneo: https:\/\/www.unimib.it\/bicocca25. Per rimanere sempre informati \u00e8 possibile anche seguire l&#8217;hashtag #Bicocca25 su Facebook, Twitter, Instagram e Linkedin.<div id=\"div-gpt-ad-Messinaoggi.it-DSK-300x250-corpoart\" style=\"text-align:center;margin:0 auto;\"><\/div><\/p>\n<p>&#8211; foto agenziafotogramma.it &#8211;<br \/>\n(ITALPRESS).<div id=\"videoincontent\" style=\"clear:both\";><\/div><\/p><\/div>\n","protected":false},"excerpt":{"rendered":"<p>MILANO (ITALPRESS) &#8211; Ambiente, salute, arte ma anche intelligenza artificiale, inclusione e legalit\u00e0. Sono alcuni dei temi al centro del ricco calendario di eventi che l&#8217;Universit\u00e0 di Milano-Bicocca organizza per celebrare il suo 25esimo compleanno. Tante iniziative e attivit\u00e0 aperte a tutti e preziose occasioni per conoscere da vicino i &#8220;big&#8221; del panorama culturale e [&hellip;]<\/p>\n","protected":false},"author":18,"featured_media":139327,"comment_status":"closed","ping_status":"closed","sticky":false,"template":"","format":"standard","meta":{"ub_ctt_via":"","_mi_skip_tracking":false},"categories":[446],"tags":[783],"featured_image_src":"https:\/\/www.messinaoggi.it\/website\/wp-content\/uploads\/2023\/01\/20230126_1198.jpg","author_info":{"display_name":"Admin","author_link":"https:\/\/www.messinaoggi.it\/website\/author\/admin\/"},"digistream_id":0,"digistream":false,"_links":{"self":[{"href":"https:\/\/www.messinaoggi.it\/website\/wp-json\/wp\/v2\/posts\/139326"}],"collection":[{"href":"https:\/\/www.messinaoggi.it\/website\/wp-json\/wp\/v2\/posts"}],"about":[{"href":"https:\/\/www.messinaoggi.it\/website\/wp-json\/wp\/v2\/types\/post"}],"author":[{"embeddable":true,"href":"https:\/\/www.messinaoggi.it\/website\/wp-json\/wp\/v2\/users\/18"}],"replies":[{"embeddable":true,"href":"https:\/\/www.messinaoggi.it\/website\/wp-json\/wp\/v2\/comments?post=139326"}],"version-history":[{"count":0,"href":"https:\/\/www.messinaoggi.it\/website\/wp-json\/wp\/v2\/posts\/139326\/revisions"}],"wp:featuredmedia":[{"embeddable":true,"href":"https:\/\/www.messinaoggi.it\/website\/wp-json\/wp\/v2\/media\/139327"}],"wp:attachment":[{"href":"https:\/\/www.messinaoggi.it\/website\/wp-json\/wp\/v2\/media?parent=139326"}],"wp:term":[{"taxonomy":"category","embeddable":true,"href":"https:\/\/www.messinaoggi.it\/website\/wp-json\/wp\/v2\/categories?post=139326"},{"taxonomy":"post_tag","embeddable":true,"href":"https:\/\/www.messinaoggi.it\/website\/wp-json\/wp\/v2\/tags?post=139326"}],"curies":[{"name":"wp","href":"https:\/\/api.w.org\/{rel}","templated":true}]}}