{"id":13930,"date":"2018-01-05T14:02:01","date_gmt":"2018-01-05T13:02:01","guid":{"rendered":"http:\/\/www.messinaoggi.it\/website\/?p=13930"},"modified":"2018-01-05T14:02:01","modified_gmt":"2018-01-05T13:02:01","slug":"perche-4-anni-di-incuria-al-centro-sociale-villa-dante-comitato-anziani-e-consigliere-zuccarello-chi-lo-frequenta-voleva-autotassarsi","status":"publish","type":"post","link":"https:\/\/www.messinaoggi.it\/website\/2018\/01\/05\/perche-4-anni-di-incuria-al-centro-sociale-villa-dante-comitato-anziani-e-consigliere-zuccarello-chi-lo-frequenta-voleva-autotassarsi\/","title":{"rendered":"Perch\u00e9 4 anni di incuria al Centro sociale Villa Dante? Comitato anziani e consigliere Zuccarello: Chi lo frequenta voleva autotassarsi"},"content":{"rendered":"<p style=\"text-align: justify\">Servizi igienici non agibili e ripugnanti anche solo da guardare per le scarse condizioni igienico &#8211; sanitarie, umidit\u00e0 nel soffitto e pareti, vetri frantumati, pubblica illuminazione precaria in mezzo al verde e sei dipendenti remunerati dal Dipartimento Servizi Sociali del Comune (forse troppi per quell&#8217;unico compito di custodia?). Questo \u00e8 lo stato funzionale o meglio non funzionale del Centro sociale di Villa Dante dove gli anziani si volevano autotassare per ottenere un impegno economico di ristrutturazione, equivalente a un diritto calpestato da ben 4 anni. Ma \u00e8 stato impedito loro di attuare la proposta di buona volont\u00e0 dagli stessi vertici di Palazzo Zanca che non voleva affidare a terzi lo stabile.<div id=\"div-gpt-ad-Messinaoggi.it-DSK-300x250-corpoart\" style=\"text-align:center;margin:0 auto;\"><\/div><\/p>\n<p style=\"text-align: justify\"><img loading=\"lazy\" class=\"alignnone size-medium wp-image-13953\" src=\"http:\/\/www.messinaoggi.it\/website\/wp-content\/uploads\/2018\/01\/conf-stampa-zuccarello-villa-dante-RRP_9097-300x200.jpg\" alt=\"\" width=\"300\" height=\"200\" \/>A rispolverarlo \u00e8 il consigliere <strong>Daniele Zuccarello<\/strong> che, questa mattina sui luoghi, ha riecheggiato la situazione, in collaborazione con il collega <strong>Nicola Crisafi<\/strong> e <strong>l&#8217;associazione\u00a0&#8220;Sicilia Terra Nostra&#8221;, avendo peraltro ospitato il presidente del Comitato, Pippo Maganza, in una delle sue sedute di Commissione Patrimonio di quasi un anno fa (febbraio 2017).<\/strong><div id=\"videoincontent\" style=\"clear:both\";><\/div><\/p>\n<p style=\"text-align: justify\">Erano stati preventivati 30mila euro dall&#8217;ingegnere <strong>Francesco Ajello<\/strong> del <strong>Dipartimento Manutenzione Immobili Comunali,<\/strong> lo stesso che ha detto di non poter erogare la somma preventivata perch\u00e9 non \u00e8 stata votata la Variazione di Bilancio, che comunque sarebbe stata bocciata a fine dicembre. La conferenza stampa di oggi nei locali del Centro, promossa da\u00a0<strong>Zuccarello,\u00a0<\/strong>mette in luce il degrado assoluto del fabbricato che doveva essere riqualificato insieme ai campi da tennis e agli spogliatoi ubicati all&#8217;interno dello stesso immobile.<\/p>\n<p style=\"text-align: justify\">Per l&#8217;esecuzione dei lavori, la Giunta ha autorizzato la spesa di 30mila euro sul capitolo di spesa 20771\/1 ma il paradosso \u00e8 che questo budget sarebbe dovuto essere investito entro il 2017, con una gara da espletare entro il 31 dicembre 2017, in base alla delibera firmata dal <strong>dirigente Ajello.<\/strong> Lo stesso atto ufficiale identifica come RUP degli interventi l&#8217;ingegnere <strong>Orazio Scandura.<\/strong><\/p>\n<p style=\"text-align: justify\"><img loading=\"lazy\" class=\"alignnone size-medium wp-image-13954\" src=\"http:\/\/www.messinaoggi.it\/website\/wp-content\/uploads\/2018\/01\/conf-stampa-zuccarello-villa-dante-RRP_9107-300x200.jpg\" alt=\"\" width=\"300\" height=\"200\" \/>Il <strong>consigliere<\/strong> del <strong>Gruppo Misto,<\/strong> in qualit\u00e0 di <strong>Presidente della<\/strong> X <strong>Commissione,<\/strong> ha tutte le intenzioni di manifestare ancora entro la fine di gennaio in sede tecnica, con il supporto di Crisafi, <strong>l&#8217;esigenza<\/strong> di <strong>ristabilire<\/strong> un <strong>diritto<\/strong> per gli <strong>anziani<\/strong> di <strong>Villa Dante.<\/strong> Inviter\u00e0 tutti gli attori coinvolti nella diatriba di chi deve o dovrebbe ripristinare il vivere civile della struttura: dall&#8217;assessore Sebastiano Pino con il suo dirigente Ajello, all&#8217;assessore Nina Santisi \u00a0con il dirigente Zaccone che era, gi\u00e0 un anno fa, disponibile a passare le redini della gestione a Sicilia Terra Nostra.<\/p>\n<p style=\"text-align: justify\">&#8220;La competenza del Centro \u00e8 mista -ribadisce Zuccarello &#8211; ma n\u00e9 il Dipartimento Manutenzione Immobili n\u00e9 quello del Patrimonio n\u00e9 quello dei Servizi Sociali ha assunto una posizione netta. Eppure per recuperare questo piccolo stabile, volendo esagerare le previsioni, basterebbero non pi\u00f9 di 5mila euro. Mi sono occupato da anni della vicenda tramite la Commissione e sicuramente non lascer\u00f2 che i reclami di questi anziani si perdano nel dimenticatoio. Costituiscono una rappresentanza vulnerabile che dovrebbe stare a cuore del Management accorintiano. Possibile che passino 4 anni per rendere questo posto dignitoso? Ci batteremo affinch\u00e9 si esegua il ripristino e si regolamenti il servizio di manutenzione e di controllo che non richiederebbe l&#8217;utilizzo di ben sei attuali dipendenti, reclutati dai Servizi Sociali&#8221;.<\/p>\n<p style=\"text-align: justify\">Il signor Maganza ricorda che, all&#8217;epoca della prima denuncia di non curanza del Centro, era stata organizzata una riunione di Consiglio di Quartiere ma anche una &#8220;tavolata&#8221; alla presenza del sindaco Accorinti. Ecco tutto questo \u00e8 solo una lontana rimembranza che non risponde ai bisogni di uno spazio aggregativo che per alcuni dei frequentatori \u00e8 indispensabile per vincere la propria solitudine.<\/p>\n<p style=\"text-align: justify\">A volte, gli anziani signori sono stati costretti a trattenere i propri bisogni fisiologici, oltre a parlare di bisogni umanamente e psicologicamente complessi, racchiusi nella mancanza di famiglia e necessit\u00e0 di ritrovarsi con i propri simili, anche solo per giocare a carte e mangiare in compagnia in una struttura pulita e consona al senso civico.<\/p>\n<p style=\"text-align: right\"><strong>Foto Rocco Papandrea<\/strong><\/p>\n","protected":false},"excerpt":{"rendered":"<p>Servizi igienici non agibili e ripugnanti anche solo da guardare per le scarse condizioni igienico &#8211; sanitarie, umidit\u00e0 nel soffitto e pareti, vetri frantumati, pubblica illuminazione precaria in mezzo al verde e sei dipendenti remunerati dal Dipartimento Servizi Sociali del Comune (forse troppi per quell&#8217;unico compito di custodia?). Questo \u00e8 lo stato funzionale o meglio [&hellip;]<\/p>\n","protected":false},"author":7,"featured_media":13961,"comment_status":"closed","ping_status":"open","sticky":false,"template":"","format":"standard","meta":{"ub_ctt_via":"","_mi_skip_tracking":false},"categories":[4],"tags":[],"featured_image_src":"https:\/\/www.messinaoggi.it\/website\/wp-content\/uploads\/2018\/01\/zuccarello-crisafi-RRP_9100-1.jpg","author_info":{"display_name":"Redazione1","author_link":"https:\/\/www.messinaoggi.it\/website\/author\/redazione1\/"},"digistream_id":0,"digistream":false,"_links":{"self":[{"href":"https:\/\/www.messinaoggi.it\/website\/wp-json\/wp\/v2\/posts\/13930"}],"collection":[{"href":"https:\/\/www.messinaoggi.it\/website\/wp-json\/wp\/v2\/posts"}],"about":[{"href":"https:\/\/www.messinaoggi.it\/website\/wp-json\/wp\/v2\/types\/post"}],"author":[{"embeddable":true,"href":"https:\/\/www.messinaoggi.it\/website\/wp-json\/wp\/v2\/users\/7"}],"replies":[{"embeddable":true,"href":"https:\/\/www.messinaoggi.it\/website\/wp-json\/wp\/v2\/comments?post=13930"}],"version-history":[{"count":0,"href":"https:\/\/www.messinaoggi.it\/website\/wp-json\/wp\/v2\/posts\/13930\/revisions"}],"wp:featuredmedia":[{"embeddable":true,"href":"https:\/\/www.messinaoggi.it\/website\/wp-json\/wp\/v2\/media\/13961"}],"wp:attachment":[{"href":"https:\/\/www.messinaoggi.it\/website\/wp-json\/wp\/v2\/media?parent=13930"}],"wp:term":[{"taxonomy":"category","embeddable":true,"href":"https:\/\/www.messinaoggi.it\/website\/wp-json\/wp\/v2\/categories?post=13930"},{"taxonomy":"post_tag","embeddable":true,"href":"https:\/\/www.messinaoggi.it\/website\/wp-json\/wp\/v2\/tags?post=13930"}],"curies":[{"name":"wp","href":"https:\/\/api.w.org\/{rel}","templated":true}]}}