{"id":139296,"date":"2023-01-26T14:08:05","date_gmt":"2023-01-26T13:08:05","guid":{"rendered":"https:\/\/www.messinaoggi.it\/website\/2023\/01\/26\/giustizia-nordio-sulle-riforme-ascoltero-magistratura-e-avvocatura\/"},"modified":"2023-01-26T14:08:05","modified_gmt":"2023-01-26T13:08:05","slug":"giustizia-nordio-sulle-riforme-ascoltero-magistratura-e-avvocatura","status":"publish","type":"post","link":"https:\/\/www.messinaoggi.it\/website\/2023\/01\/26\/giustizia-nordio-sulle-riforme-ascoltero-magistratura-e-avvocatura\/","title":{"rendered":"Giustizia, Nordio \u201cSulle riforme ascolter\u00f2 magistratura e avvocatura\u201d"},"content":{"rendered":"<div>ROMA (ITALPRESS) &#8211; &#8220;Ogni futura riforma, prima di essere affidata alle valutazioni del Parlamento sovrano, si comporr\u00e0 attraverso l&#8217;ascolto di tutte le voci del sistema giustizia, dall&#8217;avvocatura all&#8217;accademia e alla magistratura&#8221;. Lo ha detto il ministro della Giustizia, Carlo Nordio, intervenendo alla cerimonia di inaugurazione dell&#8217;anno giudiziario 2023 della Corte di Cassazione. &#8220;Quello che si \u00e8 chiuso \u00e8 stato un anno scandito dall&#8217;immissione massiccia di nuove risorse &#8211; ha aggiunto &#8211; grazie ai fondi del Pnrr e di nuovi investimenti per una necessaria accelerazione della digitalizzazione. E&#8217; stato inoltre un anno di articolate riforme finalizzate a razionalizzare e ridurre i tempi del giudizio, queste innovazioni che ora devono trovare attuazione stanno richiedendo ulteriori sforzi organizzativi&#8221;. Il ministro Nordio ha poi ribadito che l&#8217;autonomia e l&#8217;indipendenza della magistratura rappresentano &#8220;un pilastro della nostra democrazia, garantita dalla Costituzione, sono principi inderogabili che hanno accompagnato tutta la mia lunga attivit\u00e0 professionale in procura. Se non avessi creduto e non credessi nella loro sacralit\u00e0  non avrei rivestito la toga, come spero di aver fatto, con dignit\u00e0 e onore&#8221;.<br \/>-foto agenziafotogramma.it-<br \/>(ITALPRESS).<\/div>\n<div id=\"div-gpt-ad-Messinaoggi.it-DSK-300x250-corpoart\" style=\"text-align:center;margin:0 auto;\"><\/div><\/p><div id=\"videoincontent\" style=\"clear:both\";><\/div>","protected":false},"excerpt":{"rendered":"<p>ROMA (ITALPRESS) &#8211; &#8220;Ogni futura riforma, prima di essere affidata alle valutazioni del Parlamento sovrano, si comporr\u00e0 attraverso l&#8217;ascolto di tutte le voci del sistema giustizia, dall&#8217;avvocatura all&#8217;accademia e alla magistratura&#8221;. Lo ha detto il ministro della Giustizia, Carlo Nordio, intervenendo alla cerimonia di inaugurazione dell&#8217;anno giudiziario 2023 della Corte di Cassazione. &#8220;Quello che si [&hellip;]<\/p>\n","protected":false},"author":18,"featured_media":139297,"comment_status":"closed","ping_status":"closed","sticky":false,"template":"","format":"standard","meta":{"ub_ctt_via":"","_mi_skip_tracking":false},"categories":[446],"tags":[783],"featured_image_src":"https:\/\/www.messinaoggi.it\/website\/wp-content\/uploads\/2023\/01\/20230126_0786.jpg","author_info":{"display_name":"Admin","author_link":"https:\/\/www.messinaoggi.it\/website\/author\/admin\/"},"digistream_id":0,"digistream":false,"_links":{"self":[{"href":"https:\/\/www.messinaoggi.it\/website\/wp-json\/wp\/v2\/posts\/139296"}],"collection":[{"href":"https:\/\/www.messinaoggi.it\/website\/wp-json\/wp\/v2\/posts"}],"about":[{"href":"https:\/\/www.messinaoggi.it\/website\/wp-json\/wp\/v2\/types\/post"}],"author":[{"embeddable":true,"href":"https:\/\/www.messinaoggi.it\/website\/wp-json\/wp\/v2\/users\/18"}],"replies":[{"embeddable":true,"href":"https:\/\/www.messinaoggi.it\/website\/wp-json\/wp\/v2\/comments?post=139296"}],"version-history":[{"count":0,"href":"https:\/\/www.messinaoggi.it\/website\/wp-json\/wp\/v2\/posts\/139296\/revisions"}],"wp:featuredmedia":[{"embeddable":true,"href":"https:\/\/www.messinaoggi.it\/website\/wp-json\/wp\/v2\/media\/139297"}],"wp:attachment":[{"href":"https:\/\/www.messinaoggi.it\/website\/wp-json\/wp\/v2\/media?parent=139296"}],"wp:term":[{"taxonomy":"category","embeddable":true,"href":"https:\/\/www.messinaoggi.it\/website\/wp-json\/wp\/v2\/categories?post=139296"},{"taxonomy":"post_tag","embeddable":true,"href":"https:\/\/www.messinaoggi.it\/website\/wp-json\/wp\/v2\/tags?post=139296"}],"curies":[{"name":"wp","href":"https:\/\/api.w.org\/{rel}","templated":true}]}}