{"id":139279,"date":"2023-01-26T11:07:51","date_gmt":"2023-01-26T10:07:51","guid":{"rendered":"https:\/\/www.messinaoggi.it\/website\/2023\/01\/26\/pnrr-giorgetti-serve-flessibilita-o-la-sfida-diventa-difficile\/"},"modified":"2023-01-26T11:07:51","modified_gmt":"2023-01-26T10:07:51","slug":"pnrr-giorgetti-serve-flessibilita-o-la-sfida-diventa-difficile","status":"publish","type":"post","link":"https:\/\/www.messinaoggi.it\/website\/2023\/01\/26\/pnrr-giorgetti-serve-flessibilita-o-la-sfida-diventa-difficile\/","title":{"rendered":"Pnrr, Giorgetti \u201cServe flessibilit\u00e0 o la sfida diventa difficile\u201d"},"content":{"rendered":"<div>ROMA (ITALPRESS) &#8211; &#8220;Le risorse ci sono e sono ingenti, il progetto \u00e8 ambiziosissimo e la difficolt\u00e0 \u00e8 metterle a terra. Questa sfida per promuovere la crescita sulla base infrastrutturale, sia materiale che immateriale, \u00e8 decisiva ma senza uno snellimento delle procedure e una flessibilit\u00e0 anche a livello europeo, diventa difficile e problematica&#8221;. Cos\u00ec il ministro dell&#8217;Economia, Giancarlo Giorgetti, in occasione dell&#8217;evento Telefisco del Sole 24 Ore, parlando del Pnrr. &#8220;In Ue c&#8217;\u00e8 un grande dibattito che culminer\u00e0 nel Consiglio europeo di inizio febbraio, in questa discussione probabilmente si discuter\u00e0 di aggiornare gli strumenti con cui l&#8217;Ue si deve rendere pi\u00f9 efficiente per dare delle risposte alla ripresa&#8221;, spiega.<br \/>&#8220;Penso che in termini strategici la massa del debito si pu\u00f2 affrontare promuovendo la crescita &#8211; sottolinea il ministro -, mettendo a frutto anche le risorse e le disponibilit\u00e0 che abbiamo liberando le energie positive imprenditoriali. Promuovere la crescita \u00e8 la via maestra per ridurre il debito&#8221;.<br \/>Giorgetti affronta anche il tema delle plusvalenze: &#8220;Abbiamo assistito al dibattito pubblico in cui si d\u00e0 per scontato che ci sia un ricorso sistematico alle plusvalenze fittizie, se lo Stato \u00e8 una istituzione seria vuole capire cosa significa questo fittizio. Qui al Mef stiamo riflettendo se la normativa fiscale fotografa in modo coerente e corretto questo fenomeno, non escludo anche novit\u00e0&#8221;. La norma quindi &#8220;potrebbe cambiare, abbiamo avviato un&#8217;analisi rispetto a un fenomeno che tutti quanto dicono avvenga, se cos\u00ec \u00e8 non credo che lo Stato possa riconoscere l&#8217;esistenza di plusvalenze fittizie&#8221;, aggiunge il ministro.<div id=\"div-gpt-ad-Messinaoggi.it-DSK-300x250-corpoart\" style=\"text-align:center;margin:0 auto;\"><\/div><\/p>\n<p>&#8211; foto Agenziafotogramma.it &#8211;<div id=\"videoincontent\" style=\"clear:both\";><\/div><\/p>\n<p>(ITALPRESS).<\/p><\/div>\n","protected":false},"excerpt":{"rendered":"<p>ROMA (ITALPRESS) &#8211; &#8220;Le risorse ci sono e sono ingenti, il progetto \u00e8 ambiziosissimo e la difficolt\u00e0 \u00e8 metterle a terra. Questa sfida per promuovere la crescita sulla base infrastrutturale, sia materiale che immateriale, \u00e8 decisiva ma senza uno snellimento delle procedure e una flessibilit\u00e0 anche a livello europeo, diventa difficile e problematica&#8221;. Cos\u00ec il [&hellip;]<\/p>\n","protected":false},"author":18,"featured_media":139280,"comment_status":"closed","ping_status":"closed","sticky":false,"template":"","format":"standard","meta":{"ub_ctt_via":"","_mi_skip_tracking":false},"categories":[446],"tags":[783],"featured_image_src":"https:\/\/www.messinaoggi.it\/website\/wp-content\/uploads\/2023\/01\/20230126_0222.jpg","author_info":{"display_name":"Admin","author_link":"https:\/\/www.messinaoggi.it\/website\/author\/admin\/"},"digistream_id":0,"digistream":false,"_links":{"self":[{"href":"https:\/\/www.messinaoggi.it\/website\/wp-json\/wp\/v2\/posts\/139279"}],"collection":[{"href":"https:\/\/www.messinaoggi.it\/website\/wp-json\/wp\/v2\/posts"}],"about":[{"href":"https:\/\/www.messinaoggi.it\/website\/wp-json\/wp\/v2\/types\/post"}],"author":[{"embeddable":true,"href":"https:\/\/www.messinaoggi.it\/website\/wp-json\/wp\/v2\/users\/18"}],"replies":[{"embeddable":true,"href":"https:\/\/www.messinaoggi.it\/website\/wp-json\/wp\/v2\/comments?post=139279"}],"version-history":[{"count":0,"href":"https:\/\/www.messinaoggi.it\/website\/wp-json\/wp\/v2\/posts\/139279\/revisions"}],"wp:featuredmedia":[{"embeddable":true,"href":"https:\/\/www.messinaoggi.it\/website\/wp-json\/wp\/v2\/media\/139280"}],"wp:attachment":[{"href":"https:\/\/www.messinaoggi.it\/website\/wp-json\/wp\/v2\/media?parent=139279"}],"wp:term":[{"taxonomy":"category","embeddable":true,"href":"https:\/\/www.messinaoggi.it\/website\/wp-json\/wp\/v2\/categories?post=139279"},{"taxonomy":"post_tag","embeddable":true,"href":"https:\/\/www.messinaoggi.it\/website\/wp-json\/wp\/v2\/tags?post=139279"}],"curies":[{"name":"wp","href":"https:\/\/api.w.org\/{rel}","templated":true}]}}