{"id":139269,"date":"2023-01-26T08:35:36","date_gmt":"2023-01-26T07:35:36","guid":{"rendered":"http:\/\/www.messinaoggi.it\/website\/?p=139269"},"modified":"2023-01-26T08:35:39","modified_gmt":"2023-01-26T07:35:39","slug":"la-uil-fpl-porta-allars-i-problemi-del-118-di-messina","status":"publish","type":"post","link":"https:\/\/www.messinaoggi.it\/website\/2023\/01\/26\/la-uil-fpl-porta-allars-i-problemi-del-118-di-messina\/","title":{"rendered":"La Uil-Fpl &#8220;porta&#8221; all&#8217;Ars i problemi del 118 di Messina"},"content":{"rendered":"\n<p>Turni massacranti, lavoro quasi tutte le domeniche e caos nella gestione del personale da parte della Seus 118. La Uil-Fpl ottiene l&#8217;audizione dal presidente della Commissione sanit\u00e0 all&#8217;Ars per fare emergere le criticit\u00e0 che riguardano soprattutto gli autisti-soccoritori. <div id=\"div-gpt-ad-Messinaoggi.it-DSK-300x250-corpoart\" style=\"text-align:center;margin:0 auto;\"><\/div><\/p>\n\n\n\n<figure class=\"wp-block-image size-large\"><img loading=\"lazy\" width=\"756\" height=\"504\" src=\"http:\/\/www.messinaoggi.it\/website\/wp-content\/uploads\/2022\/08\/0-1.jpg\" alt=\"\" class=\"wp-image-119548\" srcset=\"https:\/\/www.messinaoggi.it\/website\/wp-content\/uploads\/2022\/08\/0-1.jpg 756w, https:\/\/www.messinaoggi.it\/website\/wp-content\/uploads\/2022\/08\/0-1-300x200.jpg 300w\" sizes=\"(max-width: 756px) 100vw, 756px\" \/><figcaption><strong>Livio Andronico, segretario generale della Uil-Fpl Messina<\/strong><\/figcaption><\/figure>\n\n\n\n<p>I vertici sindacali della Uil FPL di Messina sono stati auditi dai componenti della VI Commissione Salute, Servizio Sociali e Sanitari, al fine di rappresentare le criticit\u00e0 che interessano i dipendenti autisti-soccorritori <strong>della\u00a0 Seus 118 della Provincia di Messina<\/strong>.<div id=\"videoincontent\" style=\"clear:both\";><\/div><\/p>\n\n\n\n<figure class=\"wp-block-image size-large\"><img loading=\"lazy\" width=\"828\" height=\"525\" src=\"http:\/\/www.messinaoggi.it\/website\/wp-content\/uploads\/2022\/11\/0-4.jpg\" alt=\"\" class=\"wp-image-130353\" srcset=\"https:\/\/www.messinaoggi.it\/website\/wp-content\/uploads\/2022\/11\/0-4.jpg 828w, https:\/\/www.messinaoggi.it\/website\/wp-content\/uploads\/2022\/11\/0-4-300x190.jpg 300w, https:\/\/www.messinaoggi.it\/website\/wp-content\/uploads\/2022\/11\/0-4-768x487.jpg 768w\" sizes=\"(max-width: 828px) 100vw, 828px\" \/><figcaption><strong>Maurizio Celona, segretario organizzativo della Uil-Fpl Messina<\/strong><\/figcaption><\/figure>\n\n\n\n<p>All\u2019audizione, alla presenza del Presidente on. <strong>Giuseppe Laccoto<\/strong>, dell\u2019assessore alla Salute, Giovanna Volo, dei deputati messinesi <strong>Calogero Leanza<\/strong>, <strong>Antonio De Luca<\/strong>, e degli altri  componenti della stessa Commissione, la<strong> Uil Fpl di Messina, <\/strong>era rappresentata da<strong> Livio Andronico e Maurizio Celona, <\/strong>rispettivamente segretario generale e segretario organizzativo<strong>. <\/strong><\/p>\n\n\n\n<p>\u201c<em>Ho chiesto formalmente l\u2019intervento del  Presidente della VI Commissione On. Laccoto e dell\u2019Assessore Regionale alla Salute al  fine di eliminare le criticit\u00e0 esistenti nel modello organizzativo SEUS 118 di Messina,  pi\u00f9 volte denunciate dalla UIL FPL.  Nello specifico, \u00e8 stata evidenziata la gravissima problematica degli Autisti  soccorritori, che mensilmente sono obbligati da parecchio tempo, a svolgere la loro  attivit\u00e0 fino a 48 ore settimanali, raggiungendo mensilmente una eccedenza oraria di  circa 40 ore, in palese violazione del vigente CCNL e della normativa n.161 del 2014  della Comunit\u00e0 Europea. Ancor pi\u00f9, tale disagio, si estende al personale che effettua servizio nelle Isole Minori  come <\/em><strong><em>Lipari e Salina <\/em><\/strong><em>ricadenti quali zone disagiate, dove i dipendenti oltre alle criticit\u00e0  relative ai collegamenti e ai costi per raggiungere il luogo di lavoro,sono costretti a farsi carico di ulteriore stress da lavoro correlato<\/em>\u201d.<\/p>\n\n\n\n<p>Lo afferma <strong>Livio Andronico<\/strong>, il quale nel corso dell\u2019audizione ha anche inoltre evidenziato come in tutte le postazioni della  provincia di Messina, non vi \u00e8 una equa distribuzione dei turni festivi e diversi operatori sono costretti a lavorare 4 domeniche su 5, cos\u00ec come le ferie vengono  assegnate d&#8217;ufficio e spesso inserite nelle giornate che dovrebbero essere destinate  al riposo utile ed indispensabile al recupero psicofisico. Paradossalmente, accade che le ferie precedentemente assegnate, vengano revocate  per coprire turni di servizio, nonostante all\u2019interno ci siano operatori con debito  orario, che potrebbero coprire i suddetti turni ma purtroppo, fino ad oggi,non \u00e8 stata  mai istituita la banca delle ore. <\/p>\n\n\n\n<p>&#8220;<em>Denunciata, inoltre, la gestione caotica del personale &#8211; afferma <strong>Livio Andronico<\/strong> &#8211; in merito ai trasferimenti degli  operatori. Infatti, alcuni di essi, <\/em><strong><em>idonei al servizio vengono sottratti dall\u2019attivit\u00e0  istituzionale per essere utilizzati in attivit\u00e0 meno gravose che potrebbero essere  svolte ,dal <\/em><\/strong><em>personale con limitazioni prescritte dal Medico Competente. La Uil Fpl di Messina ha quindi chiesto: rotazione dei dirigenti preposti; eliminazione dei turni di 12 ore; giusta ripartizione dei turni festivi; riconoscimento delle ferie e dei congedi a vario titolo nel rispetto cel CCNL \u2013 Aiop. In considerazione di quanto rappresentato, Il Presidente Giuseppe Laccoto, si \u00e8 impegnato  ad incontrare il nuovo CdA ed il neo Presidente Seus 118 per affrontare quanto  manifestato e porre rimedio alle incongruenze fatte emergere dalla UIL FPL di  Messina. La Uil Fpl, continuer\u00e0 a vigilare per far s\u00ec che ai dipendenti Seus vengano garantiti i  loro sacrosanti Diritti previsti dal vigente CCNL<\/em>\u201d.<\/p>\n\n\n\n<p>Conclude la nota dei dirigenti sindacali della Uil-Fpl Messina. <\/p>\n","protected":false},"excerpt":{"rendered":"<p>Turni massacranti, lavoro quasi tutte le domeniche e caos nella gestione del personale da parte della Seus 118. La Uil-Fpl ottiene l&#8217;audizione dal presidente della Commissione sanit\u00e0 all&#8217;Ars per fare emergere le criticit\u00e0 che riguardano soprattutto gli autisti-soccoritori. I vertici sindacali della Uil FPL di Messina sono stati auditi dai componenti della VI Commissione Salute, [&hellip;]<\/p>\n","protected":false},"author":2,"featured_media":113517,"comment_status":"open","ping_status":"open","sticky":false,"template":"","format":"standard","meta":{"ub_ctt_via":"","_mi_skip_tracking":false},"categories":[19],"tags":[39,601,6499,3586,2462,5461,115],"featured_image_src":"https:\/\/www.messinaoggi.it\/website\/wp-content\/uploads\/2022\/07\/IMG_3100-e1657124039572.jpg","author_info":{"display_name":"Redazione","author_link":"https:\/\/www.messinaoggi.it\/website\/author\/redazione\/"},"digistream_id":0,"digistream":false,"_links":{"self":[{"href":"https:\/\/www.messinaoggi.it\/website\/wp-json\/wp\/v2\/posts\/139269"}],"collection":[{"href":"https:\/\/www.messinaoggi.it\/website\/wp-json\/wp\/v2\/posts"}],"about":[{"href":"https:\/\/www.messinaoggi.it\/website\/wp-json\/wp\/v2\/types\/post"}],"author":[{"embeddable":true,"href":"https:\/\/www.messinaoggi.it\/website\/wp-json\/wp\/v2\/users\/2"}],"replies":[{"embeddable":true,"href":"https:\/\/www.messinaoggi.it\/website\/wp-json\/wp\/v2\/comments?post=139269"}],"version-history":[{"count":1,"href":"https:\/\/www.messinaoggi.it\/website\/wp-json\/wp\/v2\/posts\/139269\/revisions"}],"predecessor-version":[{"id":139270,"href":"https:\/\/www.messinaoggi.it\/website\/wp-json\/wp\/v2\/posts\/139269\/revisions\/139270"}],"wp:featuredmedia":[{"embeddable":true,"href":"https:\/\/www.messinaoggi.it\/website\/wp-json\/wp\/v2\/media\/113517"}],"wp:attachment":[{"href":"https:\/\/www.messinaoggi.it\/website\/wp-json\/wp\/v2\/media?parent=139269"}],"wp:term":[{"taxonomy":"category","embeddable":true,"href":"https:\/\/www.messinaoggi.it\/website\/wp-json\/wp\/v2\/categories?post=139269"},{"taxonomy":"post_tag","embeddable":true,"href":"https:\/\/www.messinaoggi.it\/website\/wp-json\/wp\/v2\/tags?post=139269"}],"curies":[{"name":"wp","href":"https:\/\/api.w.org\/{rel}","templated":true}]}}