{"id":139263,"date":"2023-01-26T08:09:14","date_gmt":"2023-01-26T07:09:14","guid":{"rendered":"http:\/\/www.messinaoggi.it\/website\/?p=139263"},"modified":"2023-01-26T08:10:29","modified_gmt":"2023-01-26T07:10:29","slug":"benzinai-sciopero-dimezzato-adesione-al-70-in-sicilia","status":"publish","type":"post","link":"https:\/\/www.messinaoggi.it\/website\/2023\/01\/26\/benzinai-sciopero-dimezzato-adesione-al-70-in-sicilia\/","title":{"rendered":"Benzinai: sciopero dimezzato, adesione al 70% in Sicilia"},"content":{"rendered":"\n<p>Stop allo sciopero dei benzinai. L&#8217;astensione dal lavoro proclamata per due giorni, alla fine ne dura soltanto uno concludendosi a 24 ore dall&#8217;inizio della protesta alle 19 di mercoled\u00ec 25 gennaio anzich\u00e9 di gioved\u00ec 26.<br><div id=\"div-gpt-ad-Messinaoggi.it-DSK-300x250-corpoart\" style=\"text-align:center;margin:0 auto;\"><\/div><\/p>\n\n\n\n<p> hanno deciso di non proseguire dopo un incontro con il ministro. &#8220;La mobilitazione resta in piedi ha detto &#8211; per\u00f2, il presidente della Fegica Roberto Di Vincenzo al termine del vertice romano. &#8220;Pur riconoscendo di aver potuto interloquire in maniera costruttiva con il ministero che si \u00e8 speso per diventare interlocutore propositivo, l&#8217;incontro ha confermato il persistere di molte criticit\u00e0&#8221; scrivono le due sigle nella nota.<div id=\"videoincontent\" style=\"clear:both\";><\/div><\/p>\n\n\n\n<p>Si \u00e8 scioperato anche in Sicilia dove si \u00e8 registrata una adesione pari a circa il 70%  secondo Faib Confesercenti Sicilia. &#8220;La categoria ha dimostrato la sua unit\u00e0 &#8211; dice la presidente regionale Francesca Costa &#8211; Per diverse settimane i gestori sono diventati il capro espiatorio del rincaro dei prezzi. Le norme pensate dal Governo con l&#8217; introduzione del prezzo medio e con le conseguenti sanzioni, rischiavano di appesantire ancora di pi\u00f9 la situazione&#8221;.<\/p>\n","protected":false},"excerpt":{"rendered":"<p>Stop allo sciopero dei benzinai. L&#8217;astensione dal lavoro proclamata per due giorni, alla fine ne dura soltanto uno concludendosi a 24 ore dall&#8217;inizio della protesta alle 19 di mercoled\u00ec 25 gennaio anzich\u00e9 di gioved\u00ec 26. hanno deciso di non proseguire dopo un incontro con il ministro. &#8220;La mobilitazione resta in piedi ha detto &#8211; per\u00f2, [&hellip;]<\/p>\n","protected":false},"author":4,"featured_media":138445,"comment_status":"open","ping_status":"open","sticky":false,"template":"","format":"standard","meta":{"ub_ctt_via":"","_mi_skip_tracking":false},"categories":[19],"tags":[6433,6281,6497,904],"featured_image_src":"https:\/\/www.messinaoggi.it\/website\/wp-content\/uploads\/2023\/01\/20230112_101849-1-scaled.jpg","author_info":{"display_name":"redme","author_link":"https:\/\/www.messinaoggi.it\/website\/author\/redme\/"},"digistream_id":0,"digistream":false,"_links":{"self":[{"href":"https:\/\/www.messinaoggi.it\/website\/wp-json\/wp\/v2\/posts\/139263"}],"collection":[{"href":"https:\/\/www.messinaoggi.it\/website\/wp-json\/wp\/v2\/posts"}],"about":[{"href":"https:\/\/www.messinaoggi.it\/website\/wp-json\/wp\/v2\/types\/post"}],"author":[{"embeddable":true,"href":"https:\/\/www.messinaoggi.it\/website\/wp-json\/wp\/v2\/users\/4"}],"replies":[{"embeddable":true,"href":"https:\/\/www.messinaoggi.it\/website\/wp-json\/wp\/v2\/comments?post=139263"}],"version-history":[{"count":1,"href":"https:\/\/www.messinaoggi.it\/website\/wp-json\/wp\/v2\/posts\/139263\/revisions"}],"predecessor-version":[{"id":139264,"href":"https:\/\/www.messinaoggi.it\/website\/wp-json\/wp\/v2\/posts\/139263\/revisions\/139264"}],"wp:featuredmedia":[{"embeddable":true,"href":"https:\/\/www.messinaoggi.it\/website\/wp-json\/wp\/v2\/media\/138445"}],"wp:attachment":[{"href":"https:\/\/www.messinaoggi.it\/website\/wp-json\/wp\/v2\/media?parent=139263"}],"wp:term":[{"taxonomy":"category","embeddable":true,"href":"https:\/\/www.messinaoggi.it\/website\/wp-json\/wp\/v2\/categories?post=139263"},{"taxonomy":"post_tag","embeddable":true,"href":"https:\/\/www.messinaoggi.it\/website\/wp-json\/wp\/v2\/tags?post=139263"}],"curies":[{"name":"wp","href":"https:\/\/api.w.org\/{rel}","templated":true}]}}