{"id":139232,"date":"2023-01-25T20:07:53","date_gmt":"2023-01-25T19:07:53","guid":{"rendered":"https:\/\/www.messinaoggi.it\/website\/2023\/01\/25\/ucraina-biden-manterremo-il-nostro-sostegno-per-il-tempo-necessario\/"},"modified":"2023-01-25T20:07:53","modified_gmt":"2023-01-25T19:07:53","slug":"ucraina-biden-manterremo-il-nostro-sostegno-per-il-tempo-necessario","status":"publish","type":"post","link":"https:\/\/www.messinaoggi.it\/website\/2023\/01\/25\/ucraina-biden-manterremo-il-nostro-sostegno-per-il-tempo-necessario\/","title":{"rendered":"Ucraina, Biden \u201cManterremo il nostro sostegno per il tempo necessario\u201d"},"content":{"rendered":"<div>WASHINGTON (STATI UNITI) (ITALPRESS) &#8211; &#8220;Come ho detto a dicembre a Zelensky, noi saremo dalla parte dell&#8217;Ucraina per tutto il tempo necessario&#8221;. Cos\u00ec il presidente degli Stati Uniti Joe Biden nel corso di una conferenza stampa alla Casa Bianca per l&#8217;annuncio dell&#8217;invio di 31 carri armati Abrams all&#8217;Ucraina.<br \/>Biden ha anche fatto gli auguri di buon compleanno al presidente ucraino Zelensky e ha aggiunto che &#8220;presto inizier\u00e0 anche l&#8217;addestramento delle forze di Kiev&#8221; sui carri armati americani.<br \/>&#8220;Questi mezzi blindati sono un ulteriore esempio della nostra volont\u00e0 di difendere l&#8217;Ucraina. Gli Usa &#8211; ha proseguito Biden &#8211; manterranno il loro sostegno all&#8217;Ucraina inalterato. La Russia deve saperlo: noi saremo uniti e determinati, pi\u00f9 che mai. Putin ha sbagliato nelle sue aspettative, sin dall&#8217;inizio, e continua a sbagliare. L&#8217;Ucraina sta conducendo una lotta per la libert\u00e0. E&#8217;  una battaglia che gli ucraini devono condurre ben equipaggiati. Questa \u00e8 una battaglia per la libert\u00e0 in tutto il mondo, e quindi dobbiamo sostenere i coraggiosi soldati ucraini che stanno mantenendo accesa la fiamma della libert\u00e0&#8221;.<br \/>Il presidente americano ha anche affermato che &#8220;bisogna raggiungere una pace giusta e a lungo termine. Una nazione non pu\u00f2 sottrarre un territorio ad un&#8217;altra. Le nostre condizioni sono la sovranit\u00e0 e l&#8217;integrit\u00e0 territoriale dell&#8217;Ucraina, e questo sono le condizioni che abbiamo sottoscritto tutti noi, e l&#8217;abbiamo fatto all&#8217;Onu in ottobre&#8221;. Rispondendo poi alle domande dei giornalisti Biden ha detto che &#8220;con la Germania siamo sempre uniti e abbiamo lavorato in pieno coordinamento&#8221;, circa l&#8217;invio a Kiev dei carri armati tedeschi Leopard. <div id=\"div-gpt-ad-Messinaoggi.it-DSK-300x250-corpoart\" style=\"text-align:center;margin:0 auto;\"><\/div><\/p>\n<p>&#8211; foto Agenziafotogramma.it &#8211;<div id=\"videoincontent\" style=\"clear:both\";><\/div><\/p>\n<p>(ITALPRESS).<\/p><\/div>\n","protected":false},"excerpt":{"rendered":"<p>WASHINGTON (STATI UNITI) (ITALPRESS) &#8211; &#8220;Come ho detto a dicembre a Zelensky, noi saremo dalla parte dell&#8217;Ucraina per tutto il tempo necessario&#8221;. Cos\u00ec il presidente degli Stati Uniti Joe Biden nel corso di una conferenza stampa alla Casa Bianca per l&#8217;annuncio dell&#8217;invio di 31 carri armati Abrams all&#8217;Ucraina.Biden ha anche fatto gli auguri di buon [&hellip;]<\/p>\n","protected":false},"author":18,"featured_media":139233,"comment_status":"closed","ping_status":"closed","sticky":false,"template":"","format":"standard","meta":{"ub_ctt_via":"","_mi_skip_tracking":false},"categories":[446],"tags":[783],"featured_image_src":"https:\/\/www.messinaoggi.it\/website\/wp-content\/uploads\/2023\/01\/20230125_2232.jpg","author_info":{"display_name":"Admin","author_link":"https:\/\/www.messinaoggi.it\/website\/author\/admin\/"},"digistream_id":0,"digistream":false,"_links":{"self":[{"href":"https:\/\/www.messinaoggi.it\/website\/wp-json\/wp\/v2\/posts\/139232"}],"collection":[{"href":"https:\/\/www.messinaoggi.it\/website\/wp-json\/wp\/v2\/posts"}],"about":[{"href":"https:\/\/www.messinaoggi.it\/website\/wp-json\/wp\/v2\/types\/post"}],"author":[{"embeddable":true,"href":"https:\/\/www.messinaoggi.it\/website\/wp-json\/wp\/v2\/users\/18"}],"replies":[{"embeddable":true,"href":"https:\/\/www.messinaoggi.it\/website\/wp-json\/wp\/v2\/comments?post=139232"}],"version-history":[{"count":0,"href":"https:\/\/www.messinaoggi.it\/website\/wp-json\/wp\/v2\/posts\/139232\/revisions"}],"wp:featuredmedia":[{"embeddable":true,"href":"https:\/\/www.messinaoggi.it\/website\/wp-json\/wp\/v2\/media\/139233"}],"wp:attachment":[{"href":"https:\/\/www.messinaoggi.it\/website\/wp-json\/wp\/v2\/media?parent=139232"}],"wp:term":[{"taxonomy":"category","embeddable":true,"href":"https:\/\/www.messinaoggi.it\/website\/wp-json\/wp\/v2\/categories?post=139232"},{"taxonomy":"post_tag","embeddable":true,"href":"https:\/\/www.messinaoggi.it\/website\/wp-json\/wp\/v2\/tags?post=139232"}],"curies":[{"name":"wp","href":"https:\/\/api.w.org\/{rel}","templated":true}]}}