{"id":139224,"date":"2023-01-25T18:07:54","date_gmt":"2023-01-25T17:07:54","guid":{"rendered":"https:\/\/www.messinaoggi.it\/website\/2023\/01\/25\/carburanti-revocato-il-secondo-giorno-di-sciopero\/"},"modified":"2023-01-25T18:07:54","modified_gmt":"2023-01-25T17:07:54","slug":"carburanti-revocato-il-secondo-giorno-di-sciopero","status":"publish","type":"post","link":"https:\/\/www.messinaoggi.it\/website\/2023\/01\/25\/carburanti-revocato-il-secondo-giorno-di-sciopero\/","title":{"rendered":"Carburanti, revocato il secondo giorno di sciopero"},"content":{"rendered":"<div>ROMA (ITALPRESS) &#8211; Fegica Cisl e Figisc\/Anisa revocano il secondo giorno di sciopero dei gestori dei distributori di carburanti. Lo annunciano le due associazioni, spiegando che la decisione \u00e8 presa &#8220;a favore degli automobilisti e non certo per il governo&#8221;.<br \/>&#8220;Proprio per andare incontro a una richiesta che arrivava dagli automobilisti abbiamo ridotto di una giornata lo sciopero &#8211; afferma il presidente della Fegica, Roberto Di Vincenzo, al termine dell&#8217;incontro al Mimit &#8211; Abbiamo chiesto al governo di lasciare aperto il tavolo per affrontare alcuni problemi. Il prossimo 8 febbraio l&#8217;argomento sul tavolo sar\u00e0 il testo del decreto legge che ha gi\u00e0 fatto un pezzo d strada in Parlamento e si aprir\u00e0 un tavolo di riassetto complessivo del settore e su questo c&#8217;\u00e8 stata piena sintonia con il governo e che ci ha spinto a prendere questa decisione. Le proposte avanzate, diamo atto di passi in avanti, non colgono appieno le richieste. La palla passa al Parlamento sull&#8217;emendamento che il governo ha preparato solo in parte. Ma questo vuol dire che la mobilitazione rimane in piedi perch\u00e8 se il decreto legge dovesse uscire cos\u00ec come \u00e8 stato proposto, torneremo alla carica perch\u00e8 \u00e8 inattuabile e inutilmente punitivo nei confronti dei gestori&#8221;. <br \/>Giuseppe Sperduto, presidente della Faib, sottolinea che &#8220;chiediamo trasparenza e la pretendiamo tanto quanto la chiede il Governo. Abbiamo spostato l&#8217;attenzione  vedremo nel tavolo dell&#8217;8 febbraio di dare gambe a tutte queste proposte. Abbiamo ridotto lo sciopero, sotto richiesta del Garante, di una giornata gi\u00e0 diversi giorni fa. La nostra categoria dimostra buon senso. Ridurre lo sciopero non sta significare smontare la partita, anzi tutto il contrario&#8221;. Bruno Bearzi, presidente della Figisc, ha sottolineato come &#8220;abbiamo deciso di ridurre lo sciopero di un giorno andando a favore dei cittadini per evitare disagi. Pur facendo un passo avanti non ci soddisfa in pieno ma confidiamo che le proposte messe sul tavolo possano essere prese in considerazione dal Governo. Ci auguriamo che si arrivi a qualcosa di concreto. Il tavolo tecnico \u00e8 gi\u00e0 stato fissato per il prossimo 8 febbraio, ma nell&#8217;immediato c&#8217;\u00e8 questa vertenza che rimane sotto traccia&#8221;.<br \/>-foto agenziafotogramma.it-<br \/>(ITALPRESS).<\/div>\n<div id=\"div-gpt-ad-Messinaoggi.it-DSK-300x250-corpoart\" style=\"text-align:center;margin:0 auto;\"><\/div><\/p><div id=\"videoincontent\" style=\"clear:both\";><\/div>","protected":false},"excerpt":{"rendered":"<p>ROMA (ITALPRESS) &#8211; Fegica Cisl e Figisc\/Anisa revocano il secondo giorno di sciopero dei gestori dei distributori di carburanti. Lo annunciano le due associazioni, spiegando che la decisione \u00e8 presa &#8220;a favore degli automobilisti e non certo per il governo&#8221;.&#8220;Proprio per andare incontro a una richiesta che arrivava dagli automobilisti abbiamo ridotto di una giornata [&hellip;]<\/p>\n","protected":false},"author":18,"featured_media":139225,"comment_status":"closed","ping_status":"closed","sticky":false,"template":"","format":"standard","meta":{"ub_ctt_via":"","_mi_skip_tracking":false},"categories":[446],"tags":[783],"featured_image_src":"https:\/\/www.messinaoggi.it\/website\/wp-content\/uploads\/2023\/01\/20230125_1791.jpg","author_info":{"display_name":"Admin","author_link":"https:\/\/www.messinaoggi.it\/website\/author\/admin\/"},"digistream_id":0,"digistream":false,"_links":{"self":[{"href":"https:\/\/www.messinaoggi.it\/website\/wp-json\/wp\/v2\/posts\/139224"}],"collection":[{"href":"https:\/\/www.messinaoggi.it\/website\/wp-json\/wp\/v2\/posts"}],"about":[{"href":"https:\/\/www.messinaoggi.it\/website\/wp-json\/wp\/v2\/types\/post"}],"author":[{"embeddable":true,"href":"https:\/\/www.messinaoggi.it\/website\/wp-json\/wp\/v2\/users\/18"}],"replies":[{"embeddable":true,"href":"https:\/\/www.messinaoggi.it\/website\/wp-json\/wp\/v2\/comments?post=139224"}],"version-history":[{"count":0,"href":"https:\/\/www.messinaoggi.it\/website\/wp-json\/wp\/v2\/posts\/139224\/revisions"}],"wp:featuredmedia":[{"embeddable":true,"href":"https:\/\/www.messinaoggi.it\/website\/wp-json\/wp\/v2\/media\/139225"}],"wp:attachment":[{"href":"https:\/\/www.messinaoggi.it\/website\/wp-json\/wp\/v2\/media?parent=139224"}],"wp:term":[{"taxonomy":"category","embeddable":true,"href":"https:\/\/www.messinaoggi.it\/website\/wp-json\/wp\/v2\/categories?post=139224"},{"taxonomy":"post_tag","embeddable":true,"href":"https:\/\/www.messinaoggi.it\/website\/wp-json\/wp\/v2\/tags?post=139224"}],"curies":[{"name":"wp","href":"https:\/\/api.w.org\/{rel}","templated":true}]}}