{"id":139222,"date":"2023-01-25T18:07:52","date_gmt":"2023-01-25T17:07:52","guid":{"rendered":"https:\/\/www.messinaoggi.it\/website\/2023\/01\/25\/scuola-valditara-istruzione-interesse-nazionale-strategico\/"},"modified":"2023-01-25T18:07:52","modified_gmt":"2023-01-25T17:07:52","slug":"scuola-valditara-istruzione-interesse-nazionale-strategico","status":"publish","type":"post","link":"https:\/\/www.messinaoggi.it\/website\/2023\/01\/25\/scuola-valditara-istruzione-interesse-nazionale-strategico\/","title":{"rendered":"Scuola, Valditara \u201cIstruzione interesse nazionale strategico\u201d"},"content":{"rendered":"<div>ROMA (ITALPRESS) &#8211; &#8220;L&#8217;innalzamento dei processi di apprendimento e delle dotazioni strutturali e tecnologiche, l&#8217;accesso all&#8217;inclusivit\u00e0, sono al centro delle politiche educative di questo esecutivo. L&#8217;istruzione rappresenta un interesse nazionale strategico e come tale deve essere garantito, in primo luogo dallo Stato ma a questo pu\u00f2 e deve contribuire la societ\u00e0 tutta: cittadini, imprese ed enti del terzo settore&#8221;. Lo ha detto il ministro dell&#8217;Istruzione e del merito, Giuseppe Valditara, rispondendo al question time alla Camera.<br \/>&#8220;Tutte le energie che la societ\u00e0 pu\u00f2 indirizzare alla formazione e all&#8217;istruzione rappresentano un investimento vincente per la competitivit\u00e0 del sistema Paese&#8221;, ha aggiunto.<br \/>-foto agenziafotogramma.it-<br \/>(ITALPRESS).<\/div>\n<div id=\"div-gpt-ad-Messinaoggi.it-DSK-300x250-corpoart\" style=\"text-align:center;margin:0 auto;\"><\/div><\/p><div id=\"videoincontent\" style=\"clear:both\";><\/div>","protected":false},"excerpt":{"rendered":"<p>ROMA (ITALPRESS) &#8211; &#8220;L&#8217;innalzamento dei processi di apprendimento e delle dotazioni strutturali e tecnologiche, l&#8217;accesso all&#8217;inclusivit\u00e0, sono al centro delle politiche educative di questo esecutivo. L&#8217;istruzione rappresenta un interesse nazionale strategico e come tale deve essere garantito, in primo luogo dallo Stato ma a questo pu\u00f2 e deve contribuire la societ\u00e0 tutta: cittadini, imprese ed [&hellip;]<\/p>\n","protected":false},"author":18,"featured_media":139223,"comment_status":"closed","ping_status":"closed","sticky":false,"template":"","format":"standard","meta":{"ub_ctt_via":"","_mi_skip_tracking":false},"categories":[446],"tags":[783],"featured_image_src":"https:\/\/www.messinaoggi.it\/website\/wp-content\/uploads\/2023\/01\/20230125_1743.jpg","author_info":{"display_name":"Admin","author_link":"https:\/\/www.messinaoggi.it\/website\/author\/admin\/"},"digistream_id":0,"digistream":false,"_links":{"self":[{"href":"https:\/\/www.messinaoggi.it\/website\/wp-json\/wp\/v2\/posts\/139222"}],"collection":[{"href":"https:\/\/www.messinaoggi.it\/website\/wp-json\/wp\/v2\/posts"}],"about":[{"href":"https:\/\/www.messinaoggi.it\/website\/wp-json\/wp\/v2\/types\/post"}],"author":[{"embeddable":true,"href":"https:\/\/www.messinaoggi.it\/website\/wp-json\/wp\/v2\/users\/18"}],"replies":[{"embeddable":true,"href":"https:\/\/www.messinaoggi.it\/website\/wp-json\/wp\/v2\/comments?post=139222"}],"version-history":[{"count":0,"href":"https:\/\/www.messinaoggi.it\/website\/wp-json\/wp\/v2\/posts\/139222\/revisions"}],"wp:featuredmedia":[{"embeddable":true,"href":"https:\/\/www.messinaoggi.it\/website\/wp-json\/wp\/v2\/media\/139223"}],"wp:attachment":[{"href":"https:\/\/www.messinaoggi.it\/website\/wp-json\/wp\/v2\/media?parent=139222"}],"wp:term":[{"taxonomy":"category","embeddable":true,"href":"https:\/\/www.messinaoggi.it\/website\/wp-json\/wp\/v2\/categories?post=139222"},{"taxonomy":"post_tag","embeddable":true,"href":"https:\/\/www.messinaoggi.it\/website\/wp-json\/wp\/v2\/tags?post=139222"}],"curies":[{"name":"wp","href":"https:\/\/api.w.org\/{rel}","templated":true}]}}