{"id":13918,"date":"2018-01-05T10:06:31","date_gmt":"2018-01-05T09:06:31","guid":{"rendered":"http:\/\/www.messinaoggi.it\/website\/?p=13918"},"modified":"2018-01-05T10:06:31","modified_gmt":"2018-01-05T09:06:31","slug":"rete-ospedaliera-uil-uil-fpl-e-anaao-chiedono-incontro-a-razza-per-la-vicenda-papardo","status":"publish","type":"post","link":"https:\/\/www.messinaoggi.it\/website\/2018\/01\/05\/rete-ospedaliera-uil-uil-fpl-e-anaao-chiedono-incontro-a-razza-per-la-vicenda-papardo\/","title":{"rendered":"Rete ospedaliera: Uil, Uil-Fpl e Anaao chiedono incontro a Razza per la vicenda Papardo"},"content":{"rendered":"<p class=\"p1\"><span class=\"s1\">Uil Messina, Uil-Fpl Messina e l\u2019Anaao-Assomed regionale hanno chiesto un incontro ufficiale all\u2019assessore regionale alla Salute Pubblica, Ruggero Razza, e al governatore Nello Musumeci per ridiscutere la Rete ospedaliera e, in modo particolare, per affrontare le criticit\u00e0 riscontrate per il Papardo di Messina. \u00a0<\/span><div id=\"div-gpt-ad-Messinaoggi.it-DSK-300x250-corpoart\" style=\"text-align:center;margin:0 auto;\"><\/div><\/p>\n<p class=\"p1\"><span class=\"s1\">\u201cLe scriventi organizzazioni sindacali \u2013 si legge in una nota &#8211; in numerose occasioni hanno segnalato a codesto Assessorato le forti criticit\u00e0 emerse in occasione dell\u2019adozione della nuova rete ospedaliera nella provincia di Messina. In particolare, nel caso dell\u2019Azienda ospedale Papardo sono stati operati tagli fortemente penalizzanti che hanno comportato una considerevole riduzione di posti letto con un declassamento dell\u2019Azienda ospedaliera a DEA di 1\u00b0 livello. \u00c8 opportuno ricordare che l\u2019A.O. Papardo nella precedente rete ospedaliera per le sue specialit\u00e0 era classificata A.O. DEA di 3\u00b0 livello pertanto principale riferimento per l\u2019emergenza\/urgenza per la provincia di Messina. Oggi invece la nuova rete ospedaliera classifica il Papardo quale semplice DEA di 1\u00b0 livello con una perdita secca di ben 7 Unit\u00e0 operative complesse\u201d.<\/span><div id=\"videoincontent\" style=\"clear:both\";><\/div><\/p>\n<p class=\"p1\"><span class=\"s1\">Come si ricorder\u00e0, le organizzazioni sindacali rappresentate da Ivan Tripodi (Uil Messina), Pippo Calapai (Uil-Fpl Messina), e Pietro Pata (Anaao-Assomed regionale), hanno intrapreso un\u2019autentica battaglia per restituire dignit\u00e0 al Papardo di Messina. Sono state anche raccolte migliaia di firme da parte dei messinesi per impedire che la struttura ospedaliera venisse declassata.<\/span><\/p>\n<p class=\"p1\"><span class=\"s1\">\u201cInfatti, inspiegabilmente \u2013 prosegue la nota &#8211; \u00a0sono state tagliate importantissime strutture complesse di particolare rilevanza ai fini dell\u2019offerta sanitaria per l\u2019intero hinterland messinese, come ad esempio, l\u2019Unit\u00e0 operativa complessa di Dermatologia dotata di posti letto e riferimento regionale della psoriasi, l\u2019UOC di Malattie infettive riferimento provinciale per HIV e l\u2019epatite C, l\u2019UOC di Nefrologia, nonch\u00e9 la soppressione di Endocrinologia e di altre specialit\u00e0. Tutto ci\u00f2 \u00e8 una sciagura per la provincia di Messina stante che l\u2019Azienda ospedaliera Papardo \u00e8 punto di riferimento dell\u2019Area Metropolitana dello Stretto, che accoglie numerosi cittadini calabresi per essere curati, nonch\u00e9 numerosi migranti derivanti dai sempre pi\u00f9 frequenti sbarchi. A tutto ci\u00f2 si aggiunge anche l\u2019importanza del Porto di Messina, l\u20198\u00b0 in Italia per flusso crocieristico con circa 500 mila turisti annui in transito. Ai drastici tagli subiti dall\u2019A.O. Papardo si aggiungono quelli subiti dall\u2019ASP di Messina in riferimento al depotenziamento dell\u2019Ospedale di Barcellona con gravissimi danni per la popolazione del bacino di utenza di riferimento, nonch\u00e9 la scarsissima considerazione riservata agli ospedali di S. Agata Militello e di Mistretta. Le scriventi organizzazioni sindacali chiedono un urgente incontro a tutela del diritto alla salute dei cittadini messinesi, al fine di correggere l\u2019attuale rete ospedaliera che sicuramente produrr\u00e0 fortissimi danni ai cittadini\/utenti\u201d.<\/span><\/p>\n","protected":false},"excerpt":{"rendered":"<p>Uil Messina, Uil-Fpl Messina e l\u2019Anaao-Assomed regionale hanno chiesto un incontro ufficiale all\u2019assessore regionale alla Salute Pubblica, Ruggero Razza, e al governatore Nello Musumeci per ridiscutere la Rete ospedaliera e, in modo particolare, per affrontare le criticit\u00e0 riscontrate per il Papardo di Messina. \u00a0 \u201cLe scriventi organizzazioni sindacali \u2013 si legge in una nota &#8211; [&hellip;]<\/p>\n","protected":false},"author":2,"featured_media":3690,"comment_status":"closed","ping_status":"open","sticky":false,"template":"","format":"standard","meta":{"ub_ctt_via":"","_mi_skip_tracking":false},"categories":[6],"tags":[],"featured_image_src":"https:\/\/www.messinaoggi.it\/website\/wp-content\/uploads\/2017\/06\/Raccolta-firme-Papardo-2.jpg","author_info":{"display_name":"Redazione","author_link":"https:\/\/www.messinaoggi.it\/website\/author\/redazione\/"},"digistream_id":0,"digistream":false,"_links":{"self":[{"href":"https:\/\/www.messinaoggi.it\/website\/wp-json\/wp\/v2\/posts\/13918"}],"collection":[{"href":"https:\/\/www.messinaoggi.it\/website\/wp-json\/wp\/v2\/posts"}],"about":[{"href":"https:\/\/www.messinaoggi.it\/website\/wp-json\/wp\/v2\/types\/post"}],"author":[{"embeddable":true,"href":"https:\/\/www.messinaoggi.it\/website\/wp-json\/wp\/v2\/users\/2"}],"replies":[{"embeddable":true,"href":"https:\/\/www.messinaoggi.it\/website\/wp-json\/wp\/v2\/comments?post=13918"}],"version-history":[{"count":0,"href":"https:\/\/www.messinaoggi.it\/website\/wp-json\/wp\/v2\/posts\/13918\/revisions"}],"wp:featuredmedia":[{"embeddable":true,"href":"https:\/\/www.messinaoggi.it\/website\/wp-json\/wp\/v2\/media\/3690"}],"wp:attachment":[{"href":"https:\/\/www.messinaoggi.it\/website\/wp-json\/wp\/v2\/media?parent=13918"}],"wp:term":[{"taxonomy":"category","embeddable":true,"href":"https:\/\/www.messinaoggi.it\/website\/wp-json\/wp\/v2\/categories?post=13918"},{"taxonomy":"post_tag","embeddable":true,"href":"https:\/\/www.messinaoggi.it\/website\/wp-json\/wp\/v2\/tags?post=13918"}],"curies":[{"name":"wp","href":"https:\/\/api.w.org\/{rel}","templated":true}]}}