{"id":139162,"date":"2023-01-25T14:07:53","date_gmt":"2023-01-25T13:07:53","guid":{"rendered":"https:\/\/www.messinaoggi.it\/website\/2023\/01\/25\/csm-mattarella-a-pinelli-il-compito-di-favorire-la-coesione\/"},"modified":"2023-01-25T14:07:53","modified_gmt":"2023-01-25T13:07:53","slug":"csm-mattarella-a-pinelli-il-compito-di-favorire-la-coesione","status":"publish","type":"post","link":"https:\/\/www.messinaoggi.it\/website\/2023\/01\/25\/csm-mattarella-a-pinelli-il-compito-di-favorire-la-coesione\/","title":{"rendered":"Csm, Mattarella \u201cA Pinelli il compito di favorire la coesione\u201d"},"content":{"rendered":"<div>ROMA (ITALPRESS) &#8211; &#8220;Al vicepresidente appena eletto i miei auguri. Sono certo che sapr\u00e0 affrontare con senso istituzionale e con spirito collaborativo le funzioni rilevanti a cui \u00e8 chiamato. Sono certo che il Consiglio, con la sua conduzione, affronter\u00e0 con obiettivit\u00e0 e concretezza anche le questioni pi\u00f9 complesse che di volta in volta gli saranno sottoposte&#8221;. Cos\u00ec il presidente della Repubblica, Sergio Mattarella, nel corso della seduta straordinaria del plenum del Consiglio Superiore della Magistratura, che ha visto l&#8217;elezione del nuovo vicepresidente Fabio Pinelli. <br \/>Mattarella ha ricordato che il Csm \u00e8 &#8220;un organo di garanzia che la Costituzione colloca a presidio dell&#8217;autonomia e dell&#8217;indipendenza della magistratura&#8221;.<br \/>Al vicepresidente spetta &#8220;il compito di favorire la coesione dell&#8217;attivit\u00e0 del Consiglio, l&#8217;attuazione di delibere condivise nel rendere pi\u00f9 efficace e autorevole il percorso&#8221;, ha aggiunto.<br \/>&#8220;Con la sua elezione \u00e8 divenuto il punto di riferimento e di raccordo di tutti i componenti del Consiglio che devono sentirsi da lei rappresentati, ascoltati e garantiti nell&#8217;esercizio della loro funzione &#8211; ha detto il capo dello Stato rivolgendosi a Pinelli -. Allo stesso modo sono certo che i consiglieri contino di svolgere il proprio ruolo con lealt\u00e0 verso l&#8217;istituzione. Il ruolo di componente del Consiglio Superiore interpreter\u00e0 una funzione di garanzia e al contempo di grande responsabilit\u00e0 ed equilibrio tra i vari poteri costituzionali&#8221;.<div id=\"div-gpt-ad-Messinaoggi.it-DSK-300x250-corpoart\" style=\"text-align:center;margin:0 auto;\"><\/div><\/p>\n<p>&#8211; foto ufficio stampa Quirinale &#8211;<div id=\"videoincontent\" style=\"clear:both\";><\/div><\/p>\n<p>(ITALPRESS).<\/p><\/div>\n","protected":false},"excerpt":{"rendered":"<p>ROMA (ITALPRESS) &#8211; &#8220;Al vicepresidente appena eletto i miei auguri. Sono certo che sapr\u00e0 affrontare con senso istituzionale e con spirito collaborativo le funzioni rilevanti a cui \u00e8 chiamato. Sono certo che il Consiglio, con la sua conduzione, affronter\u00e0 con obiettivit\u00e0 e concretezza anche le questioni pi\u00f9 complesse che di volta in volta gli saranno [&hellip;]<\/p>\n","protected":false},"author":18,"featured_media":139163,"comment_status":"closed","ping_status":"closed","sticky":false,"template":"","format":"standard","meta":{"ub_ctt_via":"","_mi_skip_tracking":false},"categories":[446],"tags":[783],"featured_image_src":"https:\/\/www.messinaoggi.it\/website\/wp-content\/uploads\/2023\/01\/20230125_0727.jpg","author_info":{"display_name":"Admin","author_link":"https:\/\/www.messinaoggi.it\/website\/author\/admin\/"},"digistream_id":0,"digistream":false,"_links":{"self":[{"href":"https:\/\/www.messinaoggi.it\/website\/wp-json\/wp\/v2\/posts\/139162"}],"collection":[{"href":"https:\/\/www.messinaoggi.it\/website\/wp-json\/wp\/v2\/posts"}],"about":[{"href":"https:\/\/www.messinaoggi.it\/website\/wp-json\/wp\/v2\/types\/post"}],"author":[{"embeddable":true,"href":"https:\/\/www.messinaoggi.it\/website\/wp-json\/wp\/v2\/users\/18"}],"replies":[{"embeddable":true,"href":"https:\/\/www.messinaoggi.it\/website\/wp-json\/wp\/v2\/comments?post=139162"}],"version-history":[{"count":0,"href":"https:\/\/www.messinaoggi.it\/website\/wp-json\/wp\/v2\/posts\/139162\/revisions"}],"wp:featuredmedia":[{"embeddable":true,"href":"https:\/\/www.messinaoggi.it\/website\/wp-json\/wp\/v2\/media\/139163"}],"wp:attachment":[{"href":"https:\/\/www.messinaoggi.it\/website\/wp-json\/wp\/v2\/media?parent=139162"}],"wp:term":[{"taxonomy":"category","embeddable":true,"href":"https:\/\/www.messinaoggi.it\/website\/wp-json\/wp\/v2\/categories?post=139162"},{"taxonomy":"post_tag","embeddable":true,"href":"https:\/\/www.messinaoggi.it\/website\/wp-json\/wp\/v2\/tags?post=139162"}],"curies":[{"name":"wp","href":"https:\/\/api.w.org\/{rel}","templated":true}]}}