{"id":13911,"date":"2018-01-04T15:14:09","date_gmt":"2018-01-04T14:14:09","guid":{"rendered":"http:\/\/www.messinaoggi.it\/website\/?p=13911"},"modified":"2018-01-04T15:14:09","modified_gmt":"2018-01-04T14:14:09","slug":"istituto-pascoli-crispi-si-torna-in-aula-o-no-arpa-rivela-non-ce-nulla-di-preoccupante-dopo-rogo-domani-altra-commissione","status":"publish","type":"post","link":"https:\/\/www.messinaoggi.it\/website\/2018\/01\/04\/istituto-pascoli-crispi-si-torna-in-aula-o-no-arpa-rivela-non-ce-nulla-di-preoccupante-dopo-rogo-domani-altra-commissione\/","title":{"rendered":"Istituto Pascoli &#8211; Crispi, si torna in aula o no? Arpa rivela: Non c&#039;\u00e8 nulla di preoccupante dopo rogo. Domani altra Commissione"},"content":{"rendered":"<p style=\"text-align: justify\">Genitori ancora agguerriti e fibrillanti che i loro figli possano respirare le esalazioni tossiche emanate dall&#8217;incendio dello scorso 4 dicembre tornando a frequentare l&#8217;Istituto &#8220;Pascoli &#8211; Crispi&#8221;. Le famiglie degli iscritti di questa scuola si sono recate questa mattina, a Palazzo Zanca, dove in Sala Ovale l&#8217;assessore alla Pubblica Istruzione, <strong>Federico Alagna,<\/strong> ha organizzato un incontro alla presenza della dirigente scolastica di recente insediamento e del responsabile dell&#8217;Arpa Sicilia Marchese. Assente oggi l&#8217;assessore alla Manutenzione Immobili Comunali Sebastiano Pino.<div id=\"div-gpt-ad-Messinaoggi.it-DSK-300x250-corpoart\" style=\"text-align:center;margin:0 auto;\"><\/div><\/p>\n<p style=\"text-align: justify\">Il dott. Marchese, chiamato in causa peraltro dai parenti degli alunni, ha espressamente riferito in una nota di non essere deputato come organo di verifica a rilasciare autorizzazioni per il rientro nei locali del plesso andato a fuoco. Ha ribadito oggi che potrebbe effettuare un campionamento delle particelle che risulta essere un esame superficiale per un parere obiettivo. Infatti, il pi\u00f9 delle volte questo test tende a fornire cifre superiori di inquinamento anche in strutture che non sono state colpite da incendi.<div id=\"videoincontent\" style=\"clear:both\";><\/div><\/p>\n<p style=\"text-align: justify\">Insomma, l&#8217;assessore Alagna ha sostenuto che non ci sono controindicazioni per un ritorno a scuola sotto il profilo ambientale. La ditta che si \u00e8 occupata dei lavori, di pulire e ritinteggiare le pareti annerite e deturpate dalle fiamme, deve ancora consegnare il suo certificato di bonifica. A quanto pare solo l&#8217;Asp, quella a cui compete il rilascio dell&#8217;autorizzazione a riutilizzare l&#8217;Istituto con garanzie di sicurezza, ha dato il certificato di avvenuta bonifica post incendio all&#8217;assessore Pino e comunque al suo Dipartimento gi\u00e0 prima delle festivit\u00e0 natalizie. A raccontarlo \u00e8 il presidente della VII Commissione Manutenzione ordinaria e straordinaria Immobili Comunali, Carlo Cantali che per domattina ha invitato personalmente tutti gli interessati a partecipare alla seduta di Commissione, soprattutto il funzionario dell&#8217;Arpa Marchese per relazionare quello che \u00e8 scaturito in mattinata.<\/p>\n<p style=\"text-align: justify\">Sempre prima di Natale, era stata attuata un&#8217;altra sezione di lavori congiuntamente tra la VII Commissione e la X relativa al Patrimonio, in cui si \u00e8 respirata solo la tensione dei congiunti che hanno visto sospendere le attivit\u00e0 didattiche, all&#8217;epoca da una ventina di giorni e dando inizio ai turni pomeridiani in altri istituti quali la Boer. Il tutyo si \u00e8 concluso con il riaggiornamento a domani 5 gennaio. A questo punto sembra difficile tranquillizzare gli animi entro l&#8217;8 gennaio.<\/p>\n<p style=\"text-align: justify\">Cantali conferma di non aver visionato alcun documento che certifichi la bonifica, anche se l&#8217;assessore dice di esserne in possesso. Si spera che domani qualcosa di piu certo, di piu accreditabile, salti fuori considerando che l&#8217;amministrazione si \u00e8 resa disponibile da subito a risolvere i disagi.<\/p>\n<p style=\"text-align: right\">Foto Rocco <strong>Papandrea<\/strong><\/p>\n","protected":false},"excerpt":{"rendered":"<p>Genitori ancora agguerriti e fibrillanti che i loro figli possano respirare le esalazioni tossiche emanate dall&#8217;incendio dello scorso 4 dicembre tornando a frequentare l&#8217;Istituto &#8220;Pascoli &#8211; Crispi&#8221;. Le famiglie degli iscritti di questa scuola si sono recate questa mattina, a Palazzo Zanca, dove in Sala Ovale l&#8217;assessore alla Pubblica Istruzione, Federico Alagna, ha organizzato un [&hellip;]<\/p>\n","protected":false},"author":7,"featured_media":13897,"comment_status":"closed","ping_status":"open","sticky":false,"template":"","format":"standard","meta":{"ub_ctt_via":"","_mi_skip_tracking":false},"categories":[4],"tags":[],"featured_image_src":"https:\/\/www.messinaoggi.it\/website\/wp-content\/uploads\/2018\/01\/incontro-scuola-pascoli-RRP_9087-1.jpg","author_info":{"display_name":"Redazione1","author_link":"https:\/\/www.messinaoggi.it\/website\/author\/redazione1\/"},"digistream_id":0,"digistream":false,"_links":{"self":[{"href":"https:\/\/www.messinaoggi.it\/website\/wp-json\/wp\/v2\/posts\/13911"}],"collection":[{"href":"https:\/\/www.messinaoggi.it\/website\/wp-json\/wp\/v2\/posts"}],"about":[{"href":"https:\/\/www.messinaoggi.it\/website\/wp-json\/wp\/v2\/types\/post"}],"author":[{"embeddable":true,"href":"https:\/\/www.messinaoggi.it\/website\/wp-json\/wp\/v2\/users\/7"}],"replies":[{"embeddable":true,"href":"https:\/\/www.messinaoggi.it\/website\/wp-json\/wp\/v2\/comments?post=13911"}],"version-history":[{"count":0,"href":"https:\/\/www.messinaoggi.it\/website\/wp-json\/wp\/v2\/posts\/13911\/revisions"}],"wp:featuredmedia":[{"embeddable":true,"href":"https:\/\/www.messinaoggi.it\/website\/wp-json\/wp\/v2\/media\/13897"}],"wp:attachment":[{"href":"https:\/\/www.messinaoggi.it\/website\/wp-json\/wp\/v2\/media?parent=13911"}],"wp:term":[{"taxonomy":"category","embeddable":true,"href":"https:\/\/www.messinaoggi.it\/website\/wp-json\/wp\/v2\/categories?post=13911"},{"taxonomy":"post_tag","embeddable":true,"href":"https:\/\/www.messinaoggi.it\/website\/wp-json\/wp\/v2\/tags?post=13911"}],"curies":[{"name":"wp","href":"https:\/\/api.w.org\/{rel}","templated":true}]}}