{"id":13909,"date":"2018-01-04T14:51:31","date_gmt":"2018-01-04T13:51:31","guid":{"rendered":"http:\/\/www.messinaoggi.it\/website\/?p=13909"},"modified":"2018-01-04T14:51:31","modified_gmt":"2018-01-04T13:51:31","slug":"epifania-al-forte-gonzaga-una-due-giorni-alla-riscoperta-di-un-incanto","status":"publish","type":"post","link":"https:\/\/www.messinaoggi.it\/website\/2018\/01\/04\/epifania-al-forte-gonzaga-una-due-giorni-alla-riscoperta-di-un-incanto\/","title":{"rendered":"Epifania al Forte Gonzaga, una due giorni alla riscoperta di un incanto"},"content":{"rendered":"<p style=\"text-align: justify\">L\u2019associazione \u201cMea Civitas\u201d, in occasione della festivit\u00e0 dell\u2019Epifania, ha organizzato nelle giornate del 5 e 6 gennaio 2018, dalle 9:00 alle 13:00, due giornate al Castello Gonzaga, il bastione cinquecentesco che si trova in cima alla collina di Montepiselli.<div id=\"div-gpt-ad-Messinaoggi.it-DSK-300x250-corpoart\" style=\"text-align:center;margin:0 auto;\"><\/div><\/p>\n<p style=\"text-align: justify\">Il programma dell\u2019evento \u00e8 stato strutturato su due giorni. Nello specifico, venerd\u00ec 5 gennaio, a partire dalle ore 9:00, si svolger\u00e0 un dibattito pubblico aperto alla cittadinanza e finalizzato a un confronto sul futuro di Castel Gonzaga, una struttura che permane in uno stato di inagibilit\u00e0 tale da impedire lo sfruttamento dello stesso nell\u2019ambito di iniziative pubbliche. Al dibattito prenderanno parte, tra gli altri, il deputato regionale Luigi Genovese, i consiglieri della IV Circoscrizione Mancuso, Giannetto, Lauro, Gervasi e Trevisano, il presidente del Consiglio comunale, Emilia Barrile e i consiglieri comunali Vaccarino, Santalco, Cantali e Pagano. L\u2019idea sulla quale si fonda l\u2019iniziativa \u00e8 l\u2019avvio di un iter strutturato che ponga al centro un obiettivo non pi\u00f9 procrastinabile: la restituzione della struttura alla pubblica fruizione 365 giorni all\u2019anno e la trasformazione dell\u2019area esterna in un parco pubblico cittadino<div id=\"videoincontent\" style=\"clear:both\";><\/div><\/p>\n<p style=\"text-align: justify\">Sabato 6 gennaio, invece, si terr\u00e0 una giornata dedicata alla festivit\u00e0 dell\u2019Epifania. Per l\u2019occasione, a partire dalle 9:00 un gruppo di volontarie travestite da befane intratterr\u00e0 i bambini presenti, offrendo loro dolci e composizioni realizzate con palloncini gonfiabili. Nella stessa giornata, inoltre, grazie alla collaborazione nata con Livinplay, il social network dello sport ideato da tre giovani professionisti messinesi, verranno messi a disposizione decine di buoni utilizzabili per giocare gratuitamente a calcio nelle strutture convenzionate con il programma offerto dalla piattaforma web. Chi volesse raggiungere il Castello utilizzando i mezzi pubblici, pu\u00f2 utilizzare la linea 43, che parte da Piazza Cavallotti alle 9:55 e alle 11:20.<\/p>\n<p style=\"text-align: justify\">\u201cIl sogno \u2013 dice il consigliere della IV Circoscrizione, Alessio Mancuso &#8211; \u00e8 quello di creare un luogo aperto a tutti e per tutto l\u2019anno. Al forte dovremo riuscire a creare le condizioni affinch\u00e9 i bambini possano giocare, i cani correre e i messinesi godere di un luogo straordinario e di un panorama mozzafiato. Adesso serve l\u2019impegno di tutte le forze politiche affinch\u00e9 questo sogno possa divenire realt\u00e0 tangibile\u201d.<\/p>\n<p style=\"text-align: justify\">\n","protected":false},"excerpt":{"rendered":"<p>L\u2019associazione \u201cMea Civitas\u201d, in occasione della festivit\u00e0 dell\u2019Epifania, ha organizzato nelle giornate del 5 e 6 gennaio 2018, dalle 9:00 alle 13:00, due giornate al Castello Gonzaga, il bastione cinquecentesco che si trova in cima alla collina di Montepiselli. Il programma dell\u2019evento \u00e8 stato strutturato su due giorni. Nello specifico, venerd\u00ec 5 gennaio, a partire [&hellip;]<\/p>\n","protected":false},"author":7,"featured_media":13910,"comment_status":"closed","ping_status":"open","sticky":false,"template":"","format":"standard","meta":{"ub_ctt_via":"","_mi_skip_tracking":false},"categories":[5],"tags":[],"featured_image_src":"https:\/\/www.messinaoggi.it\/website\/wp-content\/uploads\/2018\/01\/epifania-locandina-1.jpg","author_info":{"display_name":"Redazione1","author_link":"https:\/\/www.messinaoggi.it\/website\/author\/redazione1\/"},"digistream_id":0,"digistream":false,"_links":{"self":[{"href":"https:\/\/www.messinaoggi.it\/website\/wp-json\/wp\/v2\/posts\/13909"}],"collection":[{"href":"https:\/\/www.messinaoggi.it\/website\/wp-json\/wp\/v2\/posts"}],"about":[{"href":"https:\/\/www.messinaoggi.it\/website\/wp-json\/wp\/v2\/types\/post"}],"author":[{"embeddable":true,"href":"https:\/\/www.messinaoggi.it\/website\/wp-json\/wp\/v2\/users\/7"}],"replies":[{"embeddable":true,"href":"https:\/\/www.messinaoggi.it\/website\/wp-json\/wp\/v2\/comments?post=13909"}],"version-history":[{"count":0,"href":"https:\/\/www.messinaoggi.it\/website\/wp-json\/wp\/v2\/posts\/13909\/revisions"}],"wp:featuredmedia":[{"embeddable":true,"href":"https:\/\/www.messinaoggi.it\/website\/wp-json\/wp\/v2\/media\/13910"}],"wp:attachment":[{"href":"https:\/\/www.messinaoggi.it\/website\/wp-json\/wp\/v2\/media?parent=13909"}],"wp:term":[{"taxonomy":"category","embeddable":true,"href":"https:\/\/www.messinaoggi.it\/website\/wp-json\/wp\/v2\/categories?post=13909"},{"taxonomy":"post_tag","embeddable":true,"href":"https:\/\/www.messinaoggi.it\/website\/wp-json\/wp\/v2\/tags?post=13909"}],"curies":[{"name":"wp","href":"https:\/\/api.w.org\/{rel}","templated":true}]}}