{"id":139030,"date":"2023-01-24T15:47:53","date_gmt":"2023-01-24T14:47:53","guid":{"rendered":"https:\/\/www.messinaoggi.it\/website\/2023\/01\/24\/fincantieri-a-palermo-varata-lunita-anfibia-per-il-qatar\/"},"modified":"2023-01-24T15:47:53","modified_gmt":"2023-01-24T14:47:53","slug":"fincantieri-a-palermo-varata-lunita-anfibia-per-il-qatar","status":"publish","type":"post","link":"https:\/\/www.messinaoggi.it\/website\/2023\/01\/24\/fincantieri-a-palermo-varata-lunita-anfibia-per-il-qatar\/","title":{"rendered":"Fincantieri, a Palermo varata l\u2019unit\u00e0 anfibia per il Qatar"},"content":{"rendered":"<div>\n<p>PALERMO (ITALPRESS) \u2013 E\u2019 stata varata nello stabilimento di Palermo l\u2019Al Fulk, l\u2019unit\u00e0 anfibia Landing Platform Dock) commissionata a Fincantieri dal Ministero della Difesa del Qatar nell\u2019ambito di un programma pi\u00f9 ampio di acquisizione navale nazionale. La nave ha una lunghezza di circa 143 metri, una larghezza di 21,5 e potr\u00e0 ospitare a bordo circa 550 persone. E\u2019 dotata di due rampe carrabili e di un bacino interno allagabile in grado di ospitare un mezzo da sbarco Lcm (Landing Craft Mechanized) pronto all\u2019uso che pu\u00f2 anche essere disposto sul ponte del garage e pu\u00f2 essere dispiegato utilizzando un sistema di gru. Il ponte di volo \u00e8 inoltre dimensionato per ospitare l\u2019elicottero NH90. La cerimonia di varo si \u00e8 svolta alla presenza del Vice Primo Ministro e Ministro della Difesa del Qatar, H.E. Khalid bin Mohamed Al Attiyah, e del Ministro della Difesa, Guido Crosetto. <br \/>\u201cE\u2019 un momento importante perch\u00e8 dal 2009 una nave completa non usciva da quello che \u00e8 oggi il pi\u00f9 grande stabilimento che ci sia in Italia per la costruzione delle navi- ha sottolineato il ministro Crosetto \u2013 Un momento importante per Palermo, quindi, per Fincantieri. Ci auguriamo sia la prima di una lunga serie di navi, e non di pezzi di navi, che escano da questo cantiere, che \u00e8 quello che ha pi\u00f9 possibilit\u00e0 logistiche in Italia ed \u00e8 probabilmente il cantiere che ha la migliore manodopera e la pi\u00f9 grande quantit\u00e0 di specializzati nella lavorazione dell\u2019acciaio in Italia. Questa \u00e8 l\u2019ultima di questa serie ma ci saranno navi in futuro che possono essere costruite a Palermo. Qua c\u2019\u00e8 una vocazione fortissima sui traghetti. Per cui le prospettive per questo cantiere possono essere ottime in futuro\u201d. <br \/>Erano presenti, tra gli altri, Staff Major General (Sea) Abdullah Hassan Al-Sulaiti, Commander of the Qatar Emiri Naval Forces, Ammiraglio di squadra Enrico Credendino, Capo di Stato Maggiore della Marina Militare, Gen. di Corpo d\u2019Armata Luciano Portolano, Segretario Generale Difesa e Direzione Nazionale Armamenti, Khalid bin Yousef Al-Sada, Ambasciatore del Qatar a Roma, Paolo Toschi, Ambasciatore d\u2019Italia a Doha, Renato Schifani, Presidente della Regione Sicilia, Roberto Lagalla, Sindaco di Palermo, accolti da Pierroberto Folgiero, Amministratore delegato di Fincantieri. <br \/>\u201cIl programma del Qatar \u2013 ha spiegato l\u2019ad di Fincantieri \u2013 \u00e8 vasto e prevede altre unit\u00e0 navali che devono essere consegnata, ma la sfida pi\u00f9 importante del programma Qatar \u00e8 che poi insieme a tutto il sistema Italiano metteremo poi in Qatar in esercizio e assisteremo tutta la fase di manutenzione del ciclo della nave. Non bisogna le navi solo costruirle ma accompagnarle, creare una collaborazione continua. La parte pi\u00f9 bella \u00e8 il dopo costruzione che durer\u00e0 per alcuni anni e che sar\u00e0 un altro momento di collaborazione forte col Qatar\u201d. L\u2019unit\u00e0 Lpd, costruita interamente dai cantieri italiani, \u00e8 progettata in accordo al regolamento Rinamil (regolamento per la classificazione delle navi militari) per garantire collegamenti terra-aria-marini estremamente efficienti. Sar\u00e0 altamente flessibile e in grado di svolgere diversi tipi di compiti, dagli interventi umanitari al supporto delle forze armate e alle operazioni di terra. <br \/>\u201cOggi festeggiamo il lavoro del nostro cantiere navale, un cantiere di eccellenza straordinaria, degli uomini e delle donne che lavorano in maniera professionale \u2013 ha commentato il presidente della Regione Siciliana, Renato Schifani -. Sono qui perch\u00e8 noi crediamo nell\u2019industria e nello sviluppo di questa nostra terra. Anche la Regione dar\u00e0 lavoro ai cantieri con importanti commesse. Oggi celebriamo questo, ma noi continuiamo a lavorare nell\u2019interesse della Sicilia. Sono veramente orgoglioso di essere qui a testimoniare la presenza della Regione e l\u2019orgoglio dei siciliani\u201d.<div id=\"div-gpt-ad-Messinaoggi.it-DSK-300x250-corpoart\" style=\"text-align:center;margin:0 auto;\"><\/div><\/p>\n<p>\u2013 foto: xd6\/Italpress <div id=\"videoincontent\" style=\"clear:both\";><\/div><\/p>\n<p>(ITALPRESS).<\/p>\n<\/div>\n","protected":false},"excerpt":{"rendered":"<p>PALERMO (ITALPRESS) \u2013 E\u2019 stata varata nello stabilimento di Palermo l\u2019Al Fulk, l\u2019unit\u00e0 anfibia Landing Platform Dock) commissionata a Fincantieri dal Ministero della Difesa del Qatar nell\u2019ambito di un programma pi\u00f9 ampio di acquisizione navale nazionale. La nave ha una lunghezza di circa 143 metri, una larghezza di 21,5 e potr\u00e0 ospitare a bordo circa [&hellip;]<\/p>\n","protected":false},"author":18,"featured_media":139031,"comment_status":"closed","ping_status":"closed","sticky":false,"template":"","format":"standard","meta":{"ub_ctt_via":"","_mi_skip_tracking":false},"categories":[2449],"tags":[783],"featured_image_src":"https:\/\/www.messinaoggi.it\/website\/wp-content\/uploads\/2023\/01\/20230124_1164.jpg","author_info":{"display_name":"Admin","author_link":"https:\/\/www.messinaoggi.it\/website\/author\/admin\/"},"digistream_id":0,"digistream":false,"_links":{"self":[{"href":"https:\/\/www.messinaoggi.it\/website\/wp-json\/wp\/v2\/posts\/139030"}],"collection":[{"href":"https:\/\/www.messinaoggi.it\/website\/wp-json\/wp\/v2\/posts"}],"about":[{"href":"https:\/\/www.messinaoggi.it\/website\/wp-json\/wp\/v2\/types\/post"}],"author":[{"embeddable":true,"href":"https:\/\/www.messinaoggi.it\/website\/wp-json\/wp\/v2\/users\/18"}],"replies":[{"embeddable":true,"href":"https:\/\/www.messinaoggi.it\/website\/wp-json\/wp\/v2\/comments?post=139030"}],"version-history":[{"count":0,"href":"https:\/\/www.messinaoggi.it\/website\/wp-json\/wp\/v2\/posts\/139030\/revisions"}],"wp:featuredmedia":[{"embeddable":true,"href":"https:\/\/www.messinaoggi.it\/website\/wp-json\/wp\/v2\/media\/139031"}],"wp:attachment":[{"href":"https:\/\/www.messinaoggi.it\/website\/wp-json\/wp\/v2\/media?parent=139030"}],"wp:term":[{"taxonomy":"category","embeddable":true,"href":"https:\/\/www.messinaoggi.it\/website\/wp-json\/wp\/v2\/categories?post=139030"},{"taxonomy":"post_tag","embeddable":true,"href":"https:\/\/www.messinaoggi.it\/website\/wp-json\/wp\/v2\/tags?post=139030"}],"curies":[{"name":"wp","href":"https:\/\/api.w.org\/{rel}","templated":true}]}}