{"id":13901,"date":"2018-01-04T14:25:35","date_gmt":"2018-01-04T13:25:35","guid":{"rendered":"http:\/\/www.messinaoggi.it\/website\/?p=13901"},"modified":"2018-01-04T14:25:35","modified_gmt":"2018-01-04T13:25:35","slug":"soldi-citta-metropolitane-fermati-al-nord-politica-inadeguata-stronca-messina-cambiare-uomini","status":"publish","type":"post","link":"https:\/\/www.messinaoggi.it\/website\/2018\/01\/04\/soldi-citta-metropolitane-fermati-al-nord-politica-inadeguata-stronca-messina-cambiare-uomini\/","title":{"rendered":"Soldi Citt\u00e0 Metropolitane fermati al Nord, \u201cPolitica inadeguata stronca Messina. Cambiare uomini\u201d"},"content":{"rendered":"<p style=\"text-align: justify\">Il Governo ed il Ministro delle Infrastrutture Delrio hanno giocato un ruolo decisivo su come ripartire i fondi alle Citt\u00e0 Metropolitane, in particolare squilibrando le somme tra Centro-Nord e Sud e favorendo la parte alta dello Stivale. CapitaleMessina riconosce in questo stato dell\u2019arte una completa sconsideratezza verso l\u2019Area peloritana. A firmare il documento \u00e8 Gianfranco Salmeri che sostiene, insieme a Rete Civica per le Infrastrutture ed alle forze sociali, professionali e produttive della citt\u00e0, la tesi di aver esplicitato, senza sconti nel Manifesto del 29 aprile, la maldestra distribuzione delle risorse destinate agli investimenti dal Documento Economico Finanziario del Governo. \u201cNonostante l\u2019importanza di quel momento di riflessione collettiva, che ha avuto grande eco \u2013 stigmatizza il Movimento -, le risposte da Roma non sono arrivate\u201d.<div id=\"div-gpt-ad-Messinaoggi.it-DSK-300x250-corpoart\" style=\"text-align:center;margin:0 auto;\"><\/div><\/p>\n<p style=\"text-align: justify\">Pur attestandosi in forte declino, secondo tutti gli indicatori economici e sociali, Messina viene totalmente estromessa dai programmi di sviluppo del Paese, fatto a dir poco inaccettabile. \u201cQuest\u2019ultima mortificazione non riguarda l&#8217;intero Meridione, ma penalizza in special modo il nostro territorio. E\u2019 certo \u00e8 che i colpevoli vanno ben oltre la compagine governativa e sono pi\u00f9 di uno; su questo dobbiamo essere chiari: le responsabilit\u00e0 sono diffuse! \u00c8 la certificazione, semmai ci fosse bisogno di ulteriore prova, della sconfitta chiara ed inequivocabile di tutta la classe politica messinese, nessuno escluso\u201d.<div id=\"videoincontent\" style=\"clear:both\";><\/div><\/p>\n<p style=\"text-align: justify\">\u201cPrimo tra tutti il Sindaco Accorinti, la cui Giunta, a dispetto di quanto possa dire nelle sue dichiarazioni autocelebrative, in questi anni ha rappresentato un assoluto fallimento, sia dal punto di vista della gestione dell\u2019ordinaria amministrazione, che della programmazione a lungo termine. Ma allo stesso modo, non possiamo che valutare negativamente la assoluta incapacit\u00e0 della nostra deputazione regionale, adesso fortunatamente quasi totalmente rinnovata, e nazionale, di difendere efficacemente gli interessi del territorio messinese\u201d.<\/p>\n<p style=\"text-align: justify\">Per l\u2019analisi di CapitaleMessina, i risultati della nostra scarsa rappresentativit\u00e0, sia a Roma che a Palermo, sono sotto gli occhi di tutti.<\/p>\n<p style=\"text-align: justify\">\u201cIn definitiva lo schiaffo di Delrio alla nostra citt\u00e0, mette a nudo in maniera inequivocabile il fallimento di una intera classe dirigente, e pone la nostra collettivit\u00e0 di fronte ad una esigenza ineluttabile: quella di un cambio di passo che potr\u00e0 avvenire solo attraverso un cambio degli uomini ai quali affidare nuove responsabilit\u00e0 politiche e di governo. Senza un miglioramento della qualit\u00e0 dei nostri rappresentanti nelle istituzioni locali e nazionali, questa citt\u00e0 \u00e8 destinata a perdere costantemente funzioni e lentamente a morire. La politica non potr\u00e0 non interpretare questa esigenza e lo dovr\u00e0 fare gi\u00e0 dalla composizione delle liste dei candidati per le prossime Elezioni Politiche: di persone nuove, oneste ma di riconosciuta competenza, ha assolutamente bisogno questa nostra sfortunata citt\u00e0\u201d.<\/p>\n","protected":false},"excerpt":{"rendered":"<p>Il Governo ed il Ministro delle Infrastrutture Delrio hanno giocato un ruolo decisivo su come ripartire i fondi alle Citt\u00e0 Metropolitane, in particolare squilibrando le somme tra Centro-Nord e Sud e favorendo la parte alta dello Stivale. CapitaleMessina riconosce in questo stato dell\u2019arte una completa sconsideratezza verso l\u2019Area peloritana. A firmare il documento \u00e8 Gianfranco [&hellip;]<\/p>\n","protected":false},"author":7,"featured_media":2192,"comment_status":"closed","ping_status":"open","sticky":false,"template":"","format":"standard","meta":{"ub_ctt_via":"","_mi_skip_tracking":false},"categories":[4],"tags":[],"featured_image_src":"https:\/\/www.messinaoggi.it\/website\/wp-content\/uploads\/2017\/06\/Delrio-Faraone-2.jpg","author_info":{"display_name":"Redazione1","author_link":"https:\/\/www.messinaoggi.it\/website\/author\/redazione1\/"},"digistream_id":0,"digistream":false,"_links":{"self":[{"href":"https:\/\/www.messinaoggi.it\/website\/wp-json\/wp\/v2\/posts\/13901"}],"collection":[{"href":"https:\/\/www.messinaoggi.it\/website\/wp-json\/wp\/v2\/posts"}],"about":[{"href":"https:\/\/www.messinaoggi.it\/website\/wp-json\/wp\/v2\/types\/post"}],"author":[{"embeddable":true,"href":"https:\/\/www.messinaoggi.it\/website\/wp-json\/wp\/v2\/users\/7"}],"replies":[{"embeddable":true,"href":"https:\/\/www.messinaoggi.it\/website\/wp-json\/wp\/v2\/comments?post=13901"}],"version-history":[{"count":0,"href":"https:\/\/www.messinaoggi.it\/website\/wp-json\/wp\/v2\/posts\/13901\/revisions"}],"wp:featuredmedia":[{"embeddable":true,"href":"https:\/\/www.messinaoggi.it\/website\/wp-json\/wp\/v2\/media\/2192"}],"wp:attachment":[{"href":"https:\/\/www.messinaoggi.it\/website\/wp-json\/wp\/v2\/media?parent=13901"}],"wp:term":[{"taxonomy":"category","embeddable":true,"href":"https:\/\/www.messinaoggi.it\/website\/wp-json\/wp\/v2\/categories?post=13901"},{"taxonomy":"post_tag","embeddable":true,"href":"https:\/\/www.messinaoggi.it\/website\/wp-json\/wp\/v2\/tags?post=13901"}],"curies":[{"name":"wp","href":"https:\/\/api.w.org\/{rel}","templated":true}]}}