{"id":138956,"date":"2023-01-24T10:51:27","date_gmt":"2023-01-24T09:51:27","guid":{"rendered":"http:\/\/www.messinaoggi.it\/website\/?p=138956"},"modified":"2023-01-24T11:35:37","modified_gmt":"2023-01-24T10:35:37","slug":"parcheggi-disabili-tollerenza-zero-della-municipale","status":"publish","type":"post","link":"https:\/\/www.messinaoggi.it\/website\/2023\/01\/24\/parcheggi-disabili-tollerenza-zero-della-municipale\/","title":{"rendered":"Parcheggi disabili, tolleranza zero della Municipale"},"content":{"rendered":"\n<p>E\u2019 iniziata ieri la stretta della Polizia Municipale guidata dal Comandante <strong>Stefano Blasco<\/strong> nei confronti degli incivili che occupano posti riservati alle persone con disabilit\u00e0, senza averne il titolo ed anche sui marciapiedi e negli scivoli per il passaggio delle carrozzine. E\u2019 quella che lo stesso Comandante ha ribattezzato come strategia della <strong><em>\u201cTolleranza zero\u201d.<\/em><\/strong><div id=\"div-gpt-ad-Messinaoggi.it-DSK-300x250-corpoart\" style=\"text-align:center;margin:0 auto;\"><\/div><\/p>\n\n\n\n<p>Numerose le sanzioni gi\u00e0 erogate nella giornata di ieri, assieme ai controlli sui tagliandi rilasciati ai portatori di handicap per contestare e sanzionare gli usi impropri.<div id=\"videoincontent\" style=\"clear:both\";><\/div><\/p>\n\n\n\n<p>Tante di queste irregolarit\u00e0 le abbiamo verificate anche noi e segnalate attraverso la nostra campagna dedicata ai \u201cParcheggi alla messinese\u201d con articoli e video.<\/p>\n\n\n\n<p>Gli agenti della Municipale, dal canto loro, hanno riportato l\u2019episodio di un automobilista multato per aver esposto un bigliettino giustificativo in sostituzione del pass disabili per spiegare che il parcheggio dell\u2019auto in sosta nello spazio riservato ai disabili da un non avente diritto era stato effettuato perch\u00e9 abitava in zona e non trovava parcheggio.<\/p>\n\n\n\n<p>Il comandante del corpo di Polizia Municipale, Stefano Blasco, ha chiarito che \u00e8 stata messa a disposizione una pattuglia di pronto intervento del nucleo Radiomobile e una della sezione Motociclisti al dine di intervenire immediatamente nei casi sopra citati. Chi avr\u00e0 necessita di segnalare irregolarit\u00e0, potr\u00e0 farlo al numero <strong>090771000.<\/strong><\/p>\n","protected":false},"excerpt":{"rendered":"<p>E\u2019 iniziata ieri la stretta della Polizia Municipale guidata dal Comandante Stefano Blasco nei confronti degli incivili che occupano posti riservati alle persone con disabilit\u00e0, senza averne il titolo ed anche sui marciapiedi e negli scivoli per il passaggio delle carrozzine. E\u2019 quella che lo stesso Comandante ha ribattezzato come strategia della \u201cTolleranza zero\u201d. Numerose [&hellip;]<\/p>\n","protected":false},"author":123457,"featured_media":131758,"comment_status":"open","ping_status":"open","sticky":false,"template":"","format":"standard","meta":{"ub_ctt_via":"","_mi_skip_tracking":false},"categories":[5],"tags":[6470,2395,6309,5567,5649,6471,5566,1419,6472,6469],"featured_image_src":"https:\/\/www.messinaoggi.it\/website\/wp-content\/uploads\/2022\/11\/Parcheggio-alla-messinese-2.png","author_info":{"display_name":"Michele Bruno","author_link":"https:\/\/www.messinaoggi.it\/website\/author\/michele-bruno\/"},"digistream_id":0,"digistream":false,"_links":{"self":[{"href":"https:\/\/www.messinaoggi.it\/website\/wp-json\/wp\/v2\/posts\/138956"}],"collection":[{"href":"https:\/\/www.messinaoggi.it\/website\/wp-json\/wp\/v2\/posts"}],"about":[{"href":"https:\/\/www.messinaoggi.it\/website\/wp-json\/wp\/v2\/types\/post"}],"author":[{"embeddable":true,"href":"https:\/\/www.messinaoggi.it\/website\/wp-json\/wp\/v2\/users\/123457"}],"replies":[{"embeddable":true,"href":"https:\/\/www.messinaoggi.it\/website\/wp-json\/wp\/v2\/comments?post=138956"}],"version-history":[{"count":2,"href":"https:\/\/www.messinaoggi.it\/website\/wp-json\/wp\/v2\/posts\/138956\/revisions"}],"predecessor-version":[{"id":138958,"href":"https:\/\/www.messinaoggi.it\/website\/wp-json\/wp\/v2\/posts\/138956\/revisions\/138958"}],"wp:featuredmedia":[{"embeddable":true,"href":"https:\/\/www.messinaoggi.it\/website\/wp-json\/wp\/v2\/media\/131758"}],"wp:attachment":[{"href":"https:\/\/www.messinaoggi.it\/website\/wp-json\/wp\/v2\/media?parent=138956"}],"wp:term":[{"taxonomy":"category","embeddable":true,"href":"https:\/\/www.messinaoggi.it\/website\/wp-json\/wp\/v2\/categories?post=138956"},{"taxonomy":"post_tag","embeddable":true,"href":"https:\/\/www.messinaoggi.it\/website\/wp-json\/wp\/v2\/tags?post=138956"}],"curies":[{"name":"wp","href":"https:\/\/api.w.org\/{rel}","templated":true}]}}