{"id":138942,"date":"2023-01-24T09:32:40","date_gmt":"2023-01-24T08:32:40","guid":{"rendered":"http:\/\/www.messinaoggi.it\/website\/?p=138942"},"modified":"2023-01-24T09:32:40","modified_gmt":"2023-01-24T08:32:40","slug":"nasce-il-comitato-messinese-per-elly-schlein","status":"publish","type":"post","link":"https:\/\/www.messinaoggi.it\/website\/2023\/01\/24\/nasce-il-comitato-messinese-per-elly-schlein\/","title":{"rendered":"Nasce il Comitato messinese per Elly Schlein"},"content":{"rendered":"\n<p>&#8220;L\u2019Italia ha bisogno di una politica nuova capace di dare risposte alla forte domanda di rappresentanza proveniente dai diversi settori della societ\u00e0 e dalle fasce deboli della popolazione e del mondo del lavoro. Questa domanda, trascurata da anni dalla sinistra, impone un ripensamento a partite dal PD che deve essere capace di ridefinire il suo profilo identitario e di offrire una rappresentanza profondamente rinnovata. Il Congresso del PD, al quale guarda con interesse e preoccupazione tanta parte della sinistra diffusa e della societ\u00e0 progressista, \u00e8 un\u2019occasione che non pu\u00f2 essere sprecata. Il PD in quanto maggiore partito della sinistra ha in questa fase una grande responsabilit\u00e0 nei confronti dell\u2019opinione pubblica democratica e deve essere capace di offrire un progetto in grado di rispondere ai bisogni delle persone e all\u2019ansia di rinnovamento che attraversa la societ\u00e0.<div id=\"div-gpt-ad-Messinaoggi.it-DSK-300x250-corpoart\" style=\"text-align:center;margin:0 auto;\"><\/div><\/p>\n\n\n\n<p><br>La proposta \u201cPartedanoi\u201d di Elly Schlein offre al dibattito congressuale &#8211; e oltre lo stesso &#8211; linee nette e linguaggi chiari e riempie di nuovi contenuti parole come libert\u00e0, uguaglianza, solidariet\u00e0; afferma valori che colgono i fermenti positivi che oggi, profondamente, agitano quei movimenti trasversali ed intergenerazionali che sentono come basilari i temi del femminismo, dell\u2019ambientalismo, del ritardo del mezzogiorno, del precariato, delle reti di volontariato.<div id=\"videoincontent\" style=\"clear:both\";><\/div><\/p>\n\n\n\n<p><br>Il PD, in virt\u00f9 delle esperienze maturate da Elly Schlein, pu\u00f2 ritrovare le ragioni vere della sua esistenza e rinsaldare il legame con la tradizione della sinistra europea che da sempre ha come tratto distintivo la lotta alle disuguaglianze sociali, territoriali, generazionali e di genere. Le sue proposte per la giustizia sociale ed ambientale, intese come strettamente interconnesse, e per i diritti civili hanno infatti una forte connotazione di novit\u00e0 e di credibilit\u00e0; la sua esperienza come parlamentare europea e come amministratrice regionale dimostrano la sua coerenza e determinazione nel perseguire tali obiettivi.<\/p>\n\n\n\n<p>Con Elly Schlein si pu\u00f2 ritrovare entusiasmo nella militanza, fiducia nell\u2019impegno politico, rispetto per il pluralismo, epurato da quel correntismo che ha danneggiato la credibilit\u00e0 e l\u2019immagine del PD e del suo gruppo dirigente. La sua proposta organizzativa sollecita una pratica politica fondata su un impegno individuale capace di responsabilizzare iscritti ed elettori ed allargare la partecipazione politica, necessit\u00e0 assoluta e prioritaria per rivitalizzare l\u2019attivit\u00e0 del partito.<br>Con Elly Schlein il PD avvia un percorso che pu\u00f2 restituire alla societ\u00e0 tutta un\u2019idea di Politica intesa come servizio ed impegno responsabile e collettivo.<\/p>\n\n\n\n<p><br>Vogliamo un PD ambientalista, femminista e progressista, un PD del lavoro di qualit\u00e0 e dei diritti universali&#8221;.<\/p>\n\n\n\n<p>A dire questo \u00e8 l&#8217;appena nato Comitato messinese a sostegno di Elly Schlein alle Primarie per la scelta del nuovo segretario del Partito Democratico. <\/p>\n\n\n\n<p><strong>Ecco chi sono i promotori: <\/strong><br><br><strong>Laura Giuffrida<br>Armando Hyerace<br>Lidia Gaudio<br>Simone Bongiorno<br>Sveva Arcovito<br>Giovanbattista Arrigo<br>Angela Bottari<br>Michele Bisignano<br>Maria Baronello<br>Pippo Biondo<br>Roberta Busacca<br>Salvatore Brigand\u00ec<br>Vittoria Calabr\u00f2<br>Salvatore Bottari<br>Matilde Caruso<br>Tiziana Cuc\u00e8<br>Gabriella Cupri<br>Francesco Cimino<br>Marialaura Dini<br>Loris Cacciolo<br>Michela De Domenico<br>Giuseppe Cannistr\u00e0<br>Sissi Florio<br>Emanuele Costa<br>Sonia Gittini<br>Domenico De Pasquale<br>Mara Gioffr\u00e8<br>Costantino Di Nicol\u00f2<br>Giulia Iapichino<br>Ivan Falliano<br>Rossana Mangiapane<br>Filippo Fallaci<br>Eleonora Maffei<br>Daniela Novarese<br>Fabio Galluzzo<br>Tindaro Germanelli<br>Laura Pulejo<br>Giovanni Giacoppo<br>Enza Pelleriti<br>Basilio Lembo<br>Antonella Russo<br>Luigi Lupo<br>Lina Panella<br>Giuseppe Limina<br>Letizia Resta<br>Antonio Lo Presti<br>Sharon Schachter<br>Gianmarco Luzza<br>Leo Lillo Mulfari<br>Franco Micalizzi<br>Claudio Masetta Milone<br>Salvatore Mezzopane<br>Antonio Novelli<br>Biagio Oriti<br>Filippo Panarello<br>Nino Pizzino<br>Daniele Pollicino<br>Antonio Pollicino<br>Salvatore Ponz De Leon<br>Lillo Russo<br>Luca Raffaele<br>Angelo Savasta<br>Michele Salvo<br>Paolo Saglimbeni<br>Andrea Scarf\u00ec<br>Antonio Sabato<br>Attilio Stracuzzi<br>Sergio Todesco<br>Aldo Trifiletti<br>Giuseppe Valentino<br>Maurizio Zingales<\/strong><\/p>\n","protected":false},"excerpt":{"rendered":"<p>&#8220;L\u2019Italia ha bisogno di una politica nuova capace di dare risposte alla forte domanda di rappresentanza proveniente dai diversi settori della societ\u00e0 e dalle fasce deboli della popolazione e del mondo del lavoro. Questa domanda, trascurata da anni dalla sinistra, impone un ripensamento a partite dal PD che deve essere capace di ridefinire il suo [&hellip;]<\/p>\n","protected":false},"author":15,"featured_media":138943,"comment_status":"open","ping_status":"open","sticky":false,"template":"","format":"standard","meta":{"ub_ctt_via":"","_mi_skip_tracking":false},"categories":[6],"tags":[6465,5344,4716],"featured_image_src":"https:\/\/www.messinaoggi.it\/website\/wp-content\/uploads\/2023\/01\/Elly-Schlein.png","author_info":{"display_name":"red.me","author_link":"https:\/\/www.messinaoggi.it\/website\/author\/red-me\/"},"digistream_id":0,"digistream":false,"_links":{"self":[{"href":"https:\/\/www.messinaoggi.it\/website\/wp-json\/wp\/v2\/posts\/138942"}],"collection":[{"href":"https:\/\/www.messinaoggi.it\/website\/wp-json\/wp\/v2\/posts"}],"about":[{"href":"https:\/\/www.messinaoggi.it\/website\/wp-json\/wp\/v2\/types\/post"}],"author":[{"embeddable":true,"href":"https:\/\/www.messinaoggi.it\/website\/wp-json\/wp\/v2\/users\/15"}],"replies":[{"embeddable":true,"href":"https:\/\/www.messinaoggi.it\/website\/wp-json\/wp\/v2\/comments?post=138942"}],"version-history":[{"count":1,"href":"https:\/\/www.messinaoggi.it\/website\/wp-json\/wp\/v2\/posts\/138942\/revisions"}],"predecessor-version":[{"id":138944,"href":"https:\/\/www.messinaoggi.it\/website\/wp-json\/wp\/v2\/posts\/138942\/revisions\/138944"}],"wp:featuredmedia":[{"embeddable":true,"href":"https:\/\/www.messinaoggi.it\/website\/wp-json\/wp\/v2\/media\/138943"}],"wp:attachment":[{"href":"https:\/\/www.messinaoggi.it\/website\/wp-json\/wp\/v2\/media?parent=138942"}],"wp:term":[{"taxonomy":"category","embeddable":true,"href":"https:\/\/www.messinaoggi.it\/website\/wp-json\/wp\/v2\/categories?post=138942"},{"taxonomy":"post_tag","embeddable":true,"href":"https:\/\/www.messinaoggi.it\/website\/wp-json\/wp\/v2\/tags?post=138942"}],"curies":[{"name":"wp","href":"https:\/\/api.w.org\/{rel}","templated":true}]}}